{"id":23401,"date":"2019-01-12T23:59:14","date_gmt":"2019-01-12T22:59:14","guid":{"rendered":"http:\/\/lamagicbox.com\/magazine\/?p=23401"},"modified":"2024-02-07T14:20:17","modified_gmt":"2024-02-07T13:20:17","slug":"feu-chatterton-joko-a-la-bam-metz-57","status":"publish","type":"post","link":"https:\/\/lamagicbox.com\/magazine\/feu-chatterton-joko-a-la-bam-metz-57\/","title":{"rendered":"Feu! Chatterton + Joko \u00e0 La BAM &#8211; Metz (57)"},"content":{"rendered":"<h2><span style=\"color: #333333;\"><img loading=\"lazy\" decoding=\"async\" class=\"size-full wp-image-23410 alignleft\" title=\"Feu! Chatterton vignette\" src=\"http:\/\/lamagicbox.com\/magazine\/wp-content\/uploads\/2019\/01\/Feu-Chatterton-vignette.jpg\" alt=\"Feu! Chatterton vignette\" width=\"150\" height=\"225\" srcset=\"https:\/\/lamagicbox.com\/magazine\/wp-content\/uploads\/2019\/01\/Feu-Chatterton-vignette.jpg 150w, https:\/\/lamagicbox.com\/magazine\/wp-content\/uploads\/2019\/01\/Feu-Chatterton-vignette-100x150.jpg 100w\" sizes=\"auto, (max-width: 150px) 100vw, 150px\" \/>La BAM<\/span><\/h2>\n<h2 align=\"JUSTIFY\"><span style=\"color: #800000;\">Feu! Chatterton + Joko<\/span><\/h2>\n<h2><span style=\"color: #333333;\">Le 12 Janvier 2019 \u2013 Metz (57)<\/span><\/h2>\n<h2 align=\"JUSTIFY\"><span style=\"color: #800000;\"><span style=\"text-decoration: underline;\">Notre avis<\/span>\u00a0: [star rating=\u00a0\u00bb4&Prime; max=\u00a0\u00bb5&Prime;]<\/span><\/h2>\n<hr \/>\n<p style=\"text-align: justify;\"><em><strong>Feu! Chatterton est sans aucun doute l&rsquo;une des plus belles r\u00e9v\u00e9lations de ces derni\u00e8res ann\u00e9es dans la cat\u00e9gorie chanson fran\u00e7aise, r\u00e9ussissant \u00e0 allier le rock \u00e0 la po\u00e9sie&#8230; Emmen\u00e9 par un chanteur habit\u00e9,\u00a0la formation Parisienne fait toujours forte impression en concert ! Apr\u00e8s une premi\u00e8re tourn\u00e9e en 2016 avec l&rsquo;album, \u00ab\u00a0Ici Le Jour (A Tout Enseveli)\u00a0\u00bb, le collectif est actuellement sur les routes pour nous pr\u00e9senter le nouvel opus intitul\u00e9 \u00ab\u00a0L&rsquo;Oiseleur\u00a0\u00bb sorti en mars 2018. Feu! Chatterton \u00e9tait de passage ce samedi soir \u00e0 La BAM pour une\u00a0tr\u00e8s belle soir\u00e9e. Une prestation magique, avec une premi\u00e8re partie de soir\u00e9e assur\u00e9e par Joko.<\/strong><\/em><\/p>\n<h2 align=\"JUSTIFY\"><span style=\"color: #800000;\">JOKO<\/span><\/h2>\n<p style=\"text-align: justify;\">Dans une ambiance tamis\u00e9e, le duo compos\u00e9 d&rsquo;Iris (Di Napoli) et d&rsquo;Arthur (Vonfelt) prend possession de la sc\u00e8ne.\u00a0C&rsquo;est avec \u00ab\u00a0Woods\u00a0\u00bb que le set est lanc\u00e9. Iris adresse ses premiers mots au public. <em>Bonsoir Metz ! On s&rsquo;appelle Joko ! On est super content d&rsquo;\u00eatre l\u00e0, et on a entendu dire que vous \u00e9tiez un public de dingue(s) !<\/em>\u00a0Les premiers applaudissements se font entendre, et \u00ab\u00a0Zero\u00a0\u00bb vient poursuivre le show, suivi de \u00ab\u00a0Fools\u00a0\u00bb. Iris s\u00e9pare le public en 2, faisant chanter le <em>houhouh<\/em> d&rsquo;un c\u00f4t\u00e9, et le <em>are you serious<\/em> de l&rsquo;autre. <em>Merci d&rsquo;avoir chant\u00e9 avec moi !<\/em>\u00a0Joko nous pr\u00e9sente ainsi les extraits du 1er EP intitul\u00e9 \u00ab\u00a0Loon\u00a0\u00bb sorti en 2018. Apr\u00e8s avoir remerci\u00e9 le public, c&rsquo;est avec \u00ab\u00a0U Got\u00a0\u00bb que le set est cl\u00f4tur\u00e9. Joko a ravi la salle avec ses sonorit\u00e9s aux couleurs de pop \u00e9lectronique. Une jolie prestation du duo qui est s\u00e9lectionn\u00e9 pour les auditions des iNOU\u00efS du Printemps de Bourges ! Affaire \u00e0 suivre !<\/p>\n<p style=\"text-align: justify;\"><img loading=\"lazy\" decoding=\"async\" class=\"size-full wp-image-23432 aligncenter\" title=\"Joko (1)\" src=\"http:\/\/lamagicbox.com\/magazine\/wp-content\/uploads\/2019\/01\/Joko-1.jpg\" alt=\"Joko (1)\" width=\"500\" height=\"373\" srcset=\"https:\/\/lamagicbox.com\/magazine\/wp-content\/uploads\/2019\/01\/Joko-1.jpg 500w, https:\/\/lamagicbox.com\/magazine\/wp-content\/uploads\/2019\/01\/Joko-1-201x150.jpg 201w, https:\/\/lamagicbox.com\/magazine\/wp-content\/uploads\/2019\/01\/Joko-1-402x300.jpg 402w\" sizes=\"auto, (max-width: 500px) 100vw, 500px\" \/><\/p>\n<p><strong><span style=\"text-decoration: underline;\">Joko<\/span>\u00a0:\u00a0<\/strong><\/p>\n<p>Iris Di Napoli, la voix du duo, auteur et m\u00e9lodiste.<br \/>Arthur Vonfelt, multi-instrumentiste, compositeur et arrangeur.<\/p>\n<p><strong><span style=\"text-decoration: underline;\">Joko<\/span>\u00a0:\u00a0<a href=\"https:\/\/www.facebook.com\/JOKOBANDPAGE\/?epa=SEARCH_BOX\" target=\"_blank\" rel=\"noopener\">Facebook<\/a>\u00a0\/\u00a0<a href=\"https:\/\/www.instagram.com\/joko.iris\/?fbclid=IwAR0PyQnFH9HoL08I6V29jElKmNEv289Ipmde6bRTWgh93Y5bzExtJQWN1AI\" target=\"_blank\" rel=\"noopener\">Instagram<\/a> \/ <a href=\"https:\/\/www.youtube.com\/channel\/UCuk87UtOfHuTy0JDbcKNo_A\" target=\"_blank\" rel=\"noopener\">Youtube<\/a><\/strong><\/p>\n<p><strong><span style=\"text-decoration: underline;\">Les photos de la soir\u00e9e<\/span>\u00a0: <a href=\"https:\/\/www.facebook.com\/1386534708235705\/photos\/?tab=album&amp;album_id=2118967838325718\" target=\"_blank\" rel=\"noopener\">ici<\/a>.<\/strong><\/p>\n<h2><span lang=\"fr-BE\" style=\"color: #800000;\">FEU! CHATTERTON<\/span><\/h2>\n<p style=\"text-align: justify;\">Dans une salle pleine \u00e0 craquer, l&rsquo;arriv\u00e9e des protagonistes se fait sous les applaudissements. Arthur (Teboul), le chanteur dandy, re\u00e7oit une ovation lorsqu&rsquo;il d\u00e9barque \u00e0 son tour sur sc\u00e8ne. C&rsquo;est avec le tr\u00e8s efficace \u00ab\u00a0Ginger\u00a0\u00bb,\u00a0titre phare du nouvel album (\u00ab\u00a0L&rsquo;Oiseleur\u00a0\u00bb), que le set est lanc\u00e9. Les premiers applaudissements se font entendre, et Arthur communique r\u00e9guli\u00e8rement avec le public entre po\u00e9sies et plaisanteries. <em>Bonsoir La BAM ! Bonsoir Metz ! Nous sommes Feu! Chatterton !<\/em> Le show se poursuit avec\u00a0\u00ab\u00a0Fou \u00c0 Lier\u00a0\u00bb, nous ramenant au premier album \u00ab\u00a0Ici Le Jour\u00a0\u00bb, sorti en 2015.\u00a0La prestance du groupe, le charisme du chanteur et l\u2019\u00e9l\u00e9gance de la musique sont ind\u00e9niables. Les chansons propos\u00e9es nous emportent dans un voyage cont\u00e9 o\u00f9 les mots caressent nos \u00e9motions. Dans son\u00a0costard cravate,\u00a0Arthur est totalement habit\u00e9.\u00a0De grands miroirs ornent la sc\u00e8ne, mouvants et pivotants. Leurs mouvements\u00a0\u00e9pousent parfaitement les titres. \u00ab\u00a0C\u00f4te Concorde\u00a0\u00bb r\u00e9sonne de mani\u00e8re profonde\u00a0et puissante sous le poids des stroboscopes. Le groupe re\u00e7oit alors une tr\u00e8s belle ovation.<\/p>\n<p style=\"text-align: justify;\"><img loading=\"lazy\" decoding=\"async\" class=\"size-full wp-image-23430 aligncenter\" title=\"Feu! Chatterton (1)\" src=\"http:\/\/lamagicbox.com\/magazine\/wp-content\/uploads\/2019\/01\/Feu-Chatterton-1.jpg\" alt=\"Feu! Chatterton (1)\" width=\"500\" height=\"375\" srcset=\"https:\/\/lamagicbox.com\/magazine\/wp-content\/uploads\/2019\/01\/Feu-Chatterton-1.jpg 500w, https:\/\/lamagicbox.com\/magazine\/wp-content\/uploads\/2019\/01\/Feu-Chatterton-1-200x150.jpg 200w, https:\/\/lamagicbox.com\/magazine\/wp-content\/uploads\/2019\/01\/Feu-Chatterton-1-400x300.jpg 400w\" sizes=\"auto, (max-width: 500px) 100vw, 500px\" \/><\/p>\n<p style=\"text-align: justify;\">Nous poursuivons avec \u00ab\u00a0Le D\u00e9part\u00a0\u00bb, puis Arthur interroge le public pour savoir s&rsquo;il est pr\u00eat \u00e0 danser. Nous prenons\u00a0alors la route avec\u00a0\u00ab\u00a0Oph\u00e9lie\u00a0\u00bb, encha\u00eenant avec \u00ab\u00a0L&rsquo;Oiseau\u00a0\u00bb et\u00a0\u00ab\u00a0\u00c0 L&rsquo;Aube\u00a0\u00bb.\u00a0<em>Nous avons de quoi nous d\u00e9tendre maintenant&#8230; Vous \u00eates pr\u00eats \u00e0 vous enivrer ?<\/em> \u00ab\u00a0L&rsquo;Ivresse\u00a0\u00bb est ainsi annonc\u00e9. Dans une ambiance lumineuse teint\u00e9e de rouge, le groupe nous propose ensuite \u00ab\u00a0Les Cam\u00e9lias &#8211; Bic Medium\u00a0\u00bb. \u00ab\u00a0La Mort Dans La Pin\u00e8de\u00a0\u00bb am\u00e8ne un moment plus rythm\u00e9 et de belles envol\u00e9es. Le groupe re\u00e7oit une nouvelle ovation. <em>C&rsquo;est \u00e7a que vous voulez alors&#8230; Nous avons de quoi vous satisfaire encore&#8230; <\/em>Du rythme encore, avec\u00a0\u00ab\u00a0Boeing\u00a0\u00bb qui fait danser la foule. Apr\u00e8s avoir remerci\u00e9 La BAM, la formation quitte la sc\u00e8ne pour le traditionnel rappel. C&rsquo;est avec \u00ab\u00a0Souvenir\u00a0\u00bb et\u00a0 \u00ab\u00a0La Fen\u00eatre\u00a0\u00bb que le retour est fait. Le public l&rsquo;attendait avec impatience, et voici enfin \u00ab\u00a0La Malinche\u00a0\u00bb, en version survitamin\u00e9e, qui met tout le monde d&rsquo;accord sur l&rsquo;intensit\u00e9 du moment. C&rsquo;est avec\u00a0\u00ab\u00a0Sari D&rsquo;Orcino\u00a0\u00bb que le set est cl\u00f4tur\u00e9. Feu! Chatterton nous a offert un tr\u00e8s beau moment ce soir \u00e0 La BAM. Une tr\u00e8s belle pr\u00e9sence sur sc\u00e8ne, avec une force po\u00e9tique et une \u00e9l\u00e9gance rare !<\/p>\n<p style=\"text-align: justify;\"><img loading=\"lazy\" decoding=\"async\" class=\"size-full wp-image-23446 aligncenter\" title=\"FC (2)\" src=\"http:\/\/lamagicbox.com\/magazine\/wp-content\/uploads\/2019\/01\/FC-2.jpg\" alt=\"FC (2)\" width=\"500\" height=\"375\" srcset=\"https:\/\/lamagicbox.com\/magazine\/wp-content\/uploads\/2019\/01\/FC-2.jpg 500w, https:\/\/lamagicbox.com\/magazine\/wp-content\/uploads\/2019\/01\/FC-2-200x150.jpg 200w, https:\/\/lamagicbox.com\/magazine\/wp-content\/uploads\/2019\/01\/FC-2-400x300.jpg 400w\" sizes=\"auto, (max-width: 500px) 100vw, 500px\" \/><\/p>\n<p><strong><span style=\"text-decoration: underline;\">Feu! Chatterton<\/span>\u00a0:\u00a0<\/strong><\/p>\n<p>Arthur Teboul.<br \/>Cl\u00e9ment Doumic.<br \/>S\u00e9bastien Wolf.<br \/>Antoine Wilson.<br \/>Rapha\u00ebl De Pressigny.<\/p>\n<p><strong><span style=\"text-decoration: underline;\">Feu! Chatterton<\/span> :\u00a0<a href=\"https:\/\/www.facebook.com\/feu.chatterton\/\" target=\"_blank\" rel=\"noopener\">Facebook<\/a>\u00a0\/\u00a0<a href=\"https:\/\/www.instagram.com\/feuchatterton\/?fbclid=IwAR1jxbNVyCPprn-wyZKEE7arlhhAbUJ15NyFG2m2Z5jiOGCAo9zuh3YIeYU\" target=\"_blank\" rel=\"noopener\">Instagram<\/a>\u00a0\/ <a href=\"https:\/\/twitter.com\/feuchatterton\" target=\"_blank\" rel=\"noopener\">Twitter<\/a> \/\u00a0<a href=\"https:\/\/www.youtube.com\/channel\/UC0ixDRQmVUvsKr_aiMBoD8Q\" target=\"_blank\" rel=\"noopener\">Youtube<\/a>\u00a0\/\u00a0<a href=\"http:\/\/feuchatterton.fr\/?fbclid=IwAR3vNysut93wsPBbtZvCohaPWfsQKyWPtQfdRbNVMLu5GnGDjEHwyWTQy4s\" target=\"_blank\" rel=\"noopener\">Site Officiel<\/a><\/strong><\/p>\n<p><strong><span style=\"text-decoration: underline;\">Les photos de la soir\u00e9e<\/span>\u00a0: <a href=\"https:\/\/www.facebook.com\/1386534708235705\/photos\/?tab=album&amp;album_id=2118969114992257\" target=\"_blank\" rel=\"noopener\">ici<\/a>.<\/strong><\/p>\n<p class=\"western\" style=\"text-align: justify;\"><span style=\"text-decoration: underline;\">Photos<\/span>\u00a0: Dimitri D.<\/p>\n<hr \/>\n<p>\u00a0<\/p>\n<!--themify_builder_content-->\n<div id=\"themify_builder_content-23401\" data-postid=\"23401\" class=\"themify_builder_content themify_builder_content-23401 themify_builder tf_clear\">\n    <\/div>\n<!--\/themify_builder_content-->","protected":false},"excerpt":{"rendered":"<p>La BAM Feu! Chatterton + Joko Le 12 Janvier 2019 \u2013 Metz (57) Notre avis\u00a0: [star rating=\u00a0\u00bb4&Prime; max=\u00a0\u00bb5&Prime;] Feu! Chatterton est sans aucun doute l&rsquo;une des plus belles r\u00e9v\u00e9lations de ces derni\u00e8res ann\u00e9es dans la cat\u00e9gorie chanson fran\u00e7aise, r\u00e9ussissant \u00e0 allier le rock \u00e0 la po\u00e9sie&#8230; Emmen\u00e9 par un chanteur habit\u00e9,\u00a0la formation Parisienne fait toujours [&hellip;]<\/p>\n","protected":false},"author":4,"featured_media":23448,"comment_status":"open","ping_status":"open","sticky":false,"template":"","format":"standard","meta":{"footnotes":""},"categories":[57,53],"tags":[542,2254,657,293],"class_list":["post-23401","post","type-post","status-publish","format-standard","has-post-thumbnail","hentry","category-reportage-concert","category-reportages","tag-feu-chatterton","tag-joko","tag-la-bam","tag-metz","has-post-title","has-post-date","has-post-category","has-post-tag","has-post-comment","has-post-author",""],"builder_content":"","_links":{"self":[{"href":"https:\/\/lamagicbox.com\/magazine\/wp-json\/wp\/v2\/posts\/23401","targetHints":{"allow":["GET"]}}],"collection":[{"href":"https:\/\/lamagicbox.com\/magazine\/wp-json\/wp\/v2\/posts"}],"about":[{"href":"https:\/\/lamagicbox.com\/magazine\/wp-json\/wp\/v2\/types\/post"}],"author":[{"embeddable":true,"href":"https:\/\/lamagicbox.com\/magazine\/wp-json\/wp\/v2\/users\/4"}],"replies":[{"embeddable":true,"href":"https:\/\/lamagicbox.com\/magazine\/wp-json\/wp\/v2\/comments?post=23401"}],"version-history":[{"count":2,"href":"https:\/\/lamagicbox.com\/magazine\/wp-json\/wp\/v2\/posts\/23401\/revisions"}],"predecessor-version":[{"id":38565,"href":"https:\/\/lamagicbox.com\/magazine\/wp-json\/wp\/v2\/posts\/23401\/revisions\/38565"}],"wp:featuredmedia":[{"embeddable":true,"href":"https:\/\/lamagicbox.com\/magazine\/wp-json\/wp\/v2\/media\/23448"}],"wp:attachment":[{"href":"https:\/\/lamagicbox.com\/magazine\/wp-json\/wp\/v2\/media?parent=23401"}],"wp:term":[{"taxonomy":"category","embeddable":true,"href":"https:\/\/lamagicbox.com\/magazine\/wp-json\/wp\/v2\/categories?post=23401"},{"taxonomy":"post_tag","embeddable":true,"href":"https:\/\/lamagicbox.com\/magazine\/wp-json\/wp\/v2\/tags?post=23401"}],"curies":[{"name":"wp","href":"https:\/\/api.w.org\/{rel}","templated":true}]}}