{"id":23043,"date":"2018-12-16T14:32:41","date_gmt":"2018-12-16T13:32:41","guid":{"rendered":"http:\/\/lamagicbox.com\/magazine\/?p=23043"},"modified":"2018-12-16T14:55:59","modified_gmt":"2018-12-16T13:55:59","slug":"daniel-jumeau-guerillas-urbaines","status":"publish","type":"post","link":"https:\/\/lamagicbox.com\/magazine\/daniel-jumeau-guerillas-urbaines\/","title":{"rendered":"Daniel Jumeau &#8211; Guerillas urbaines"},"content":{"rendered":"<p><span style=\"color: #800000;\"><strong>2018 \u2013\u00a0 11 titres &#8211; 46&rsquo;39<br \/>\n<\/strong><\/span><em><strong>Label : <\/strong><\/em>Encore Merci \/\u00a0<em>\u00a0Inouie distribution<\/em><br \/>\n<strong><em>Style\u00a0:\u00a0<\/em><\/strong>Chanson fran\u00e7aise<br \/>\n<strong><em>Origine\u00a0:<\/em><\/strong>\u00a0France, Occitanie, Vingrau (66) <em><strong><br \/>\nDate de sortie de l&rsquo;album :<\/strong><\/em>\u00a030 novembre 2018<\/p>\n<p style=\"text-align: right;\"><strong>Notre avis : [star rating=\u00a0\u00bb4.5&Prime; max=\u00a0\u00bb5&Prime;]<\/strong><\/p>\n<p style=\"text-align: right;\">\n<hr \/>\n<p style=\"text-align: right;\"><strong>Par Mike S.<\/strong><\/p>\n<p style=\"text-align: justify;\"><em><strong>C&rsquo;est en 1986 que Daniel Jumeau enregistre son premier 45 tours \u00ab\u00a0Embouteillage\u00a0\u00bb (Atoll Music). Depuis, artiste multi-facettes, il se consacre autant \u00e0 la musique qu&rsquo;au th\u00e9\u00e2tre. Avec ce nouvel album, son quatri\u00e8me, intitul\u00e9 \u00ab\u00a0Guerillas urbaines\u00a0\u00bb, il quitte momentan\u00e9ment l&rsquo;univers du Jazz pour s&rsquo;orienter vers la chanson fran\u00e7aise, quelque part entre Lavilliers et Lo&rsquo;Jo.\u00a0<\/strong><\/em><\/p>\n<p style=\"text-align: justify;\">C&rsquo;est avec <em>L&rsquo;homme agenouill\u00e9<\/em>, que Daniel Jumeau nous accueille. La voix est grave, pos\u00e9e, digne. Le sujet est s\u00e9rieux. On pense \u00e0 un SDF, pour qui la vie doit \u00eatre bien compliqu\u00e9, chaque jour qui passe, et chaque nuit surtout. C&rsquo;est une des facettes de ces\u00a0<strong><em>Guerillas urbaines<\/em><\/strong> que nous observons, d\u00e9sarm\u00e9s. Apr\u00e8s une telle ouverture, cette histoire d&rsquo;A. qui finit mal, dans\u00a0<em>Semblant<\/em>, parait tellement futile&#8230; C&rsquo;est peut-\u00eatre pour cela que Daniel Jumeau a choisi un rythme et une orchestration plus chaude,\u00a0une bossa nova juste soulign\u00e9e par les riffs l\u00e9gers d&rsquo;une guitare \u00e9lectrique ici et l\u00e0.<\/p>\n<p style=\"text-align: center;\"><iframe loading=\"lazy\" src=\"https:\/\/www.youtube.com\/embed\/REzycjhnhSY\" width=\"450\" height=\"250\" frameborder=\"0\" allowfullscreen=\"allowfullscreen\"><\/iframe><\/p>\n<p style=\"text-align: justify;\">Voil\u00e0 r\u00e9sum\u00e9 avec ces deux premiers titres, l&rsquo;ambiance aigre douce de cet album, qui h\u00e9site entre constat impuissant et espoir conscient. Pour exemple encore,\u00a0<em>Croire<\/em>\u00a0se construit autour d&rsquo;un refrain dynamique et de couplets d\u00e9moralisants, habit\u00e9s de murs de la honte, de politiques politiciennes, de religions va-t&rsquo;en-guerre aux id\u00e9es archa\u00efques, de maladies vicieuses cach\u00e9es jusqu&rsquo;au coeur des relations intimes&#8230; Un tableau tr\u00e8s noir qui interroge \u00e0 juste titre : \u00ab\u00a0<em>Qu&rsquo;est ce qui nous reste \u00e0 croire ??<\/em>\u00ab\u00a0.<\/p>\n<p style=\"text-align: justify;\">C&rsquo;est peut-\u00eatre pour \u00e7a que le Jazz refait son apparition, le temps d&rsquo;un <em>Rendez-vous<\/em>, comme pour redonner un petite lueur d&rsquo;optimisme, entre amiti\u00e9 et douceur de vivre. Un titre qui trouve son contre-poids, imm\u00e9diatement apr\u00e8s, avec le Rock \u00e9lectrique, rempli de tensions sur fond d&rsquo;amours secr\u00e8tes ou virtuelles (<em>Corps \u00e0 corps<\/em>). Une autre facette de la vie moderne et urbaine. Surlign\u00e9e par\u00a0<em>Ma ville saigne<\/em>, un titre qui garde la force du Rock, autant dans les sons \u00e9lectriques des guitares que dans les textes noirs et la voix tragique qui rapproche Daniel Jumeau, encore un peu plus d&rsquo;un <strong>Lavilliers<\/strong> des 70&rsquo;s.<\/p>\n<p style=\"text-align: justify;\">On pourrait \u00e9grainer ainsi l&rsquo;int\u00e9gralit\u00e9 de ce <strong><em>Gu\u00e9rillas Urbaines<\/em><\/strong>. A chaque fois, c&rsquo;est le noir et le gris, le clair-obscur de la couverture du disque qui se r\u00e9v\u00e8le sur chaque partie, presque chaque seconde de l&rsquo;album. Mais impossible de terminer cette chronique, sans parler de\u00a0<em>The White Angel<\/em>, le duo du disque, avec <strong>Willie Cort\u00e8s<\/strong>. Un titre hypnotique qui alterne la voix grave de Daniel sur les couplets, et la voix\u00a0chaude de Willie, un peu \u00e9corch\u00e9e sur les refrains, sur des rythmes entre Soul et Trip Hop. Un joli point final pour clore ce disque qui s&rsquo;offre un rappel avec une version acoustique de <em>Rendez-vous<\/em>, qui transforme l&rsquo;optimisme du titre en quelque chose de plus m\u00e9lancolique, plus intimiste.<\/p>\n<p style=\"text-align: justify;\"><em><strong>Guerillas urbaines<\/strong><\/em> fait sortir Daniel Jumeau de ses sentiers battus, mais lui fait livrer, sans doute,\u00a0son album le plus personnel. Un album \u00e0 textes qu&rsquo;il faut \u00e9couter et r\u00e9\u00e9couter, mais surtout, et avant tout, un album qui vous fera le plein d&rsquo;\u00e9motions ! Ne passez surtout pas \u00e0 cot\u00e9 !<\/p>\n<p style=\"text-align: justify;\">\n<hr \/>\n<p style=\"text-align: justify;\"><a href=\"http:\/\/www.danieljumeau.sitew.fr\/\" target=\"_blank\">Site officiel<\/a>\/\u00a0<a href=\"https:\/\/www.facebook.com\/Daniel-Jumeau-152510154854901\/\" target=\"_blank\">Facebook<\/a><\/p>\n<p style=\"text-align: justify;\">\n<hr \/>\n<p style=\"text-align: justify;\"><em><strong>Line-up :<br \/>\n<\/strong><\/em>Daniel Jumeau<br \/>\nWillie Cortes : r\u00e9alisation, arrangements<br \/>\nGuylenn Delassus : Voix, Choeurs.<br \/>\nFabien Mary : trompette<br \/>\nJulien Lallier : piano<em><strong><br \/>\n<\/strong><\/em><\/p>\n<p style=\"text-align: justify;\"><em><strong><img loading=\"lazy\" decoding=\"async\" class=\"size-full wp-image-23052 alignleft\" title=\"daniel-jumeau-guerillas-urbaines-2018-2\" src=\"http:\/\/lamagicbox.com\/magazine\/wp-content\/uploads\/2018\/12\/daniel-jumeau-guerillas-urbaines-2018-2.jpg\" alt=\"daniel-jumeau-guerillas-urbaines-2018-2\" width=\"300\" height=\"261\" srcset=\"https:\/\/lamagicbox.com\/magazine\/wp-content\/uploads\/2018\/12\/daniel-jumeau-guerillas-urbaines-2018-2.jpg 300w, https:\/\/lamagicbox.com\/magazine\/wp-content\/uploads\/2018\/12\/daniel-jumeau-guerillas-urbaines-2018-2-172x150.jpg 172w\" sizes=\"auto, (max-width: 300px) 100vw, 300px\" \/>Tracklist :\u00a0<\/strong><\/em><br \/>\n01 L&rsquo;homme agenouill\u00e9<br \/>\n02 Semblant<br \/>\n03 Gu\u00e9rillas urbaines<br \/>\n04 Croire<br \/>\n05 Rendez-vous<br \/>\n06 Corps \u00e0 corps<br \/>\n07 Ma ville saigne<br \/>\n08 Passager clandestin<br \/>\n09 Les couleurs du tableau<br \/>\n10 The White Angel<br \/>\n11 Rendez-vous [Acoustique]<\/p>\n<!--themify_builder_content-->\n<div id=\"themify_builder_content-23043\" data-postid=\"23043\" class=\"themify_builder_content themify_builder_content-23043 themify_builder tf_clear\">\n    <\/div>\n<!--\/themify_builder_content-->\n","protected":false},"excerpt":{"rendered":"<p>2018 \u2013\u00a0 11 titres &#8211; 46&rsquo;39 Label : Encore Merci \/\u00a0\u00a0Inouie distribution Style\u00a0:\u00a0Chanson fran\u00e7aise Origine\u00a0:\u00a0France, Occitanie, Vingrau (66) Date de sortie de l&rsquo;album :\u00a030 novembre 2018 Notre avis : [star rating=\u00a0\u00bb4.5&Prime; max=\u00a0\u00bb5&Prime;] Par Mike S. C&rsquo;est en 1986 que Daniel Jumeau enregistre son premier 45 tours \u00ab\u00a0Embouteillage\u00a0\u00bb (Atoll Music). Depuis, artiste multi-facettes, il se consacre [&hellip;]<\/p>\n","protected":false},"author":1,"featured_media":23045,"comment_status":"open","ping_status":"open","sticky":false,"template":"","format":"standard","meta":{"footnotes":""},"categories":[39],"tags":[2215,2219,1762],"class_list":["post-23043","post","type-post","status-publish","format-standard","has-post-thumbnail","hentry","category-albums-francais","tag-daniel-jumeau","tag-encore-merci","tag-inouie-distribution","has-post-title","has-post-date","has-post-category","has-post-tag","has-post-comment","has-post-author",""],"builder_content":"","_links":{"self":[{"href":"https:\/\/lamagicbox.com\/magazine\/wp-json\/wp\/v2\/posts\/23043","targetHints":{"allow":["GET"]}}],"collection":[{"href":"https:\/\/lamagicbox.com\/magazine\/wp-json\/wp\/v2\/posts"}],"about":[{"href":"https:\/\/lamagicbox.com\/magazine\/wp-json\/wp\/v2\/types\/post"}],"author":[{"embeddable":true,"href":"https:\/\/lamagicbox.com\/magazine\/wp-json\/wp\/v2\/users\/1"}],"replies":[{"embeddable":true,"href":"https:\/\/lamagicbox.com\/magazine\/wp-json\/wp\/v2\/comments?post=23043"}],"version-history":[{"count":0,"href":"https:\/\/lamagicbox.com\/magazine\/wp-json\/wp\/v2\/posts\/23043\/revisions"}],"wp:featuredmedia":[{"embeddable":true,"href":"https:\/\/lamagicbox.com\/magazine\/wp-json\/wp\/v2\/media\/23045"}],"wp:attachment":[{"href":"https:\/\/lamagicbox.com\/magazine\/wp-json\/wp\/v2\/media?parent=23043"}],"wp:term":[{"taxonomy":"category","embeddable":true,"href":"https:\/\/lamagicbox.com\/magazine\/wp-json\/wp\/v2\/categories?post=23043"},{"taxonomy":"post_tag","embeddable":true,"href":"https:\/\/lamagicbox.com\/magazine\/wp-json\/wp\/v2\/tags?post=23043"}],"curies":[{"name":"wp","href":"https:\/\/api.w.org\/{rel}","templated":true}]}}