{"id":22120,"date":"2018-10-20T20:24:42","date_gmt":"2018-10-20T18:24:42","guid":{"rendered":"http:\/\/lamagicbox.com\/magazine\/?p=22120"},"modified":"2018-11-10T18:46:55","modified_gmt":"2018-11-10T17:46:55","slug":"rencontre-avec-black-bomb-a-carnavalorock-20102018-saint-brieuc-22","status":"publish","type":"post","link":"https:\/\/lamagicbox.com\/magazine\/rencontre-avec-black-bomb-a-carnavalorock-20102018-saint-brieuc-22\/","title":{"rendered":"Rencontre avec Black Bomb A &#8211; Carnavalorock &#8211; 20\/10\/2018 &#8211; Saint-Brieuc (22)"},"content":{"rendered":"<h1 class=\"post-title entry-title\" style=\"text-align: left;\"><\/h1>\n<h1 class=\"post-title entry-title\" style=\"text-align: left;\"><span style=\"color: #800000;\">BLACK BOMB A<\/span><\/h1>\n<h3 class=\"post-title entry-title\" style=\"text-align: right;\"><em>Interview d&rsquo;un groupe mythique du m\u00e9tal Fran\u00e7ais !<\/em><\/h3>\n<p>&nbsp;<\/p>\n<p><strong>Date :<\/strong>\u00a020 octobre 2018<br \/>\n<strong>Festival :<\/strong>\u00a0<a href=\"https:\/\/www.carnavalorock.com\/\" target=\"_blank\">Carnaval Rock 2018<\/a><br \/>\n<strong>Lieu :<\/strong>\u00a0France, Bretagne, Saint-Brieuc (22)<\/p>\n<p>&nbsp;<\/p>\n<p style=\"text-align: right;\"><strong>[hr color=\u00a0\u00bbred\u00a0\u00bb]<br \/>\n<em>Par Manon B. \/ Photos : St\u00e9phane Guillaume<\/em><\/strong><\/p>\n<p style=\"text-align: justify;\"><em><strong>Pierre (bassiste) et Herv\u00e9 (batterie), membres de Black Bomb A (PUNK\/HARDCORE) nous ont accord\u00e9 une interview avant de monter sur sc\u00e8ne, histoire d&rsquo;en apprendre un peu plus sur\u00a0leur nouvel album sorti ce 12 Octobre.\u00a0<\/strong><\/em><\/p>\n<p style=\"text-align: justify;\"><strong>Comment vous vous sentez \u00e0 l&rsquo;approche de la mont\u00e9e sur la sc\u00e8ne du festival Carnavalorock ?<br \/>\nPierre :<\/strong> On est pr\u00eat, c&rsquo;est une \u00e9vidence ! M\u00eame si nous sommes arriv\u00e9s il y\u00a0 peu de temps, nous jouons tard &#8211; 1h du mat &#8211; alors \u00e7a nous laisse le temps de se pr\u00e9parer et de se r\u00e9veiller !<br \/>\n<strong>Herv\u00e9 :<\/strong> \u00e7a \u00e0 l&rsquo;air d&rsquo;\u00eatre un chouette festoch&rsquo; avec un affiche assez diversifi\u00e9 et y&rsquo;a du monde c&rsquo;est cool !<\/p>\n<p style=\"text-align: center;\"><img loading=\"lazy\" decoding=\"async\" class=\"aligncenter size-full wp-image-22428\" title=\"black-bomb-a-2018-02\" src=\"http:\/\/lamagicbox.com\/magazine\/wp-content\/uploads\/2018\/11\/black-bomb-a-2018-02.jpg\" alt=\"black-bomb-a-2018-02\" width=\"333\" height=\"500\" srcset=\"https:\/\/lamagicbox.com\/magazine\/wp-content\/uploads\/2018\/11\/black-bomb-a-2018-02.jpg 333w, https:\/\/lamagicbox.com\/magazine\/wp-content\/uploads\/2018\/11\/black-bomb-a-2018-02-100x150.jpg 100w, https:\/\/lamagicbox.com\/magazine\/wp-content\/uploads\/2018\/11\/black-bomb-a-2018-02-200x300.jpg 200w\" sizes=\"auto, (max-width: 333px) 100vw, 333px\" \/><\/p>\n<p style=\"text-align: justify;\"><strong>Vous avez sorti votre nouvelle album \u00ab\u00a0EPONYME\u00a0\u00bb tr\u00e8s r\u00e9cemment, quels en sont les retours ?<br \/>\nPierre :<\/strong> Les retours sont tr\u00e8s bons, nous avons mis 2 ans \u00e0 faire cet album, c&rsquo;est d&rsquo;ailleurs la premi\u00e8re fois que l&rsquo;on travaille autant sur un disque. Si il avait \u00e9t\u00e9 mal re\u00e7u nous l&rsquo;aurions mal pris !<br \/>\n<strong>Herv\u00e9 :<\/strong> On a pu le jouer 1 fois en live, mais pas compl\u00e8tement, 5 morceaux seulement,\u00a0 car dans un show on a toujours besoin de jouer des nouveaut\u00e9s et de revenir sur des morceaux plus anciens, les acquis en quelque sorte. D\u00e8s la 1\u00e8re date de la tourn\u00e9e, au <a href=\"http:\/\/lamagicbox.com\/magazine\/?p=20620\"><strong>Hellfest<\/strong><\/a>, nous avions sorti un premier single \u00ab\u00a0<em>wake up<\/em>\u00ab\u00a0, car nous voulions le pr\u00e9senter en avant-premi\u00e8re. L&rsquo;album est vraiment taill\u00e9 pour \u00eatre jou\u00e9 en live de A \u00e0 Z. On a pas encore pr\u00e9vu de le jouer en entier dans un live, mais il ne faut jamais dire jamais ! En tout cas on va essayer d&rsquo;en mixer un maximum dans les prochains live et de construire des sets coh\u00e9rents. On verra aussi ceux qui plaisent le plus au public !On fera des tentatives, on se mettra en danger et on fera du rock&rsquo;n&rsquo;roll !<\/p>\n<p style=\"text-align: justify;\"><strong>\u00ab\u00a0Un album fait pour le live\u00a0\u00bb, un r\u00e9el choix de la part du groupe ?<br \/>\nPierre :<\/strong> Non pas forc\u00e9ment, il est n\u00e9 comme \u00e7a. On l&rsquo;a fait \u00e0 l&rsquo;ancienne, on s&rsquo;est tous retrouv\u00e9 dans une salle de r\u00e9p\u00e9tition entre musiciens et c&rsquo;est l\u00e0 que nous avons vraiment commenc\u00e9 \u00e0 jammer, en plus des sorties de salles de concerts qui nous ont inspir\u00e9es.<\/p>\n<p style=\"text-align: justify;\"><strong>\u00ab\u00a0EPONYME\u00a0\u00bb c&rsquo;est \u00e9trange comme nom d&rsquo;album, non ?<br \/>\nHerv\u00e9 :<\/strong> Alors c&rsquo;est les gens qui l&rsquo;appellent \u00e9ponyme ! Pour cet album on voulait quelque chose de simple, un logo, une pochette sobre, d\u00e8s le d\u00e9part nous avions pens\u00e9 \u00e0\u00a0 notre \u00ab\u00a0black album\u00a0\u00bb.<br \/>\n<strong>Pierre :<\/strong> Au fur et \u00e0 mesure que l&rsquo;album s&rsquo;est b\u00e2ti, \u00e7a nous a rappel\u00e9 tout ce que le groupe a pu faire et traverser en 24 ans de carri\u00e8re, \u00e7a nous a sembl\u00e9 logique de ne pas l\u2019appeler.<\/p>\n<p style=\"text-align: justify;\"><strong>A la sortie de ce nouvel album, subissez-vous la crise du disque ?<br \/>\nHerv\u00e9 :<\/strong> Oui \u00e9videmment un peu, mais nous on ne vend pas des millions d&rsquo;albums donc cela a moins d&rsquo;impact que pour les grosses machines. Financi\u00e8rement \u00e7a ne change rien pour nous.<br \/>\n<strong>Pierre :<\/strong> Nous avons toujours \u00e9t\u00e9 un groupe de live, c&rsquo;est la sc\u00e8ne qui nous fait vivre.<br \/>\n<strong>Herv\u00e9 :<\/strong> C&rsquo;est la premi\u00e8re fois que l&rsquo;on sort un vinyle par contre car c&rsquo;est revenu \u00e0 la mode, un objet de collection.<\/p>\n<p style=\"text-align: center;\"><img loading=\"lazy\" decoding=\"async\" class=\"aligncenter size-full wp-image-22429\" title=\"blak bomb a\" src=\"http:\/\/lamagicbox.com\/magazine\/wp-content\/uploads\/2018\/11\/blak-bomb-a.jpg\" alt=\"blak bomb a\" width=\"399\" height=\"500\" srcset=\"https:\/\/lamagicbox.com\/magazine\/wp-content\/uploads\/2018\/11\/blak-bomb-a.jpg 399w, https:\/\/lamagicbox.com\/magazine\/wp-content\/uploads\/2018\/11\/blak-bomb-a-120x150.jpg 120w, https:\/\/lamagicbox.com\/magazine\/wp-content\/uploads\/2018\/11\/blak-bomb-a-239x300.jpg 239w\" sizes=\"auto, (max-width: 399px) 100vw, 399px\" \/><\/p>\n<p style=\"text-align: justify;\"><strong>Qu&rsquo;est ce qui vous a inspir\u00e9 pour cet album ?<br \/>\nHerv\u00e9 :<\/strong> C&rsquo;est surtout le chanteur qui a \u00e9crit les paroles de l&rsquo;album, mais \u00e7a raconte un peu de tout, une tranche de vie, le quotidien, les envies, l&rsquo;amour, la col\u00e8re. Il n&rsquo;y a donc pas que de la haine dans <strong>Black Bomb A<\/strong> !<br \/>\n<strong>Pierre :<\/strong> M\u00eame si le contexte actuel ne donne pas forc\u00e9ment envie de crier \u00e0 la joie, \u00e7a fais quand m\u00eame quelques dizaines d&rsquo;ann\u00e9es que la col\u00e8re gronde&#8230; On aurait pu se laisser aller aux m\u00e9lodies mais nous avons\u00a0fait le choix du brut. \u00c7a permet d&rsquo;exorciser un peu chacun de notre c\u00f4t\u00e9, le bon et le mauvais.<\/p>\n<p style=\"text-align: justify;\"><strong>Herv\u00e9 :<\/strong> On est inspir\u00e9 aussi de ce que chacun \u00e9coute : du hardcore, du m\u00e9tal, il y a aussi de la m\u00e9lodie ! M\u00eame Pierre \u00e9coute du trip-hop, de tout en fait ! Moi je suis surement le plus m\u00e9talleux de la bande ! On a pas vraiment de groupe en particulier qui nous inspire, le groupe est tellement divers en sonorit\u00e9s musicales,\u00a0nous avons tous une \u00e9poque musicale d&rsquo;adolescent diff\u00e9rent, que c&rsquo;est \u00e7a notre force et source d&rsquo;inspiration. On nous a dit que cet album est l&rsquo;album de la maturit\u00e9, mais non c&rsquo;est l&rsquo;album de la maturation \u00ab\u00a0rires\u00a0\u00bb<\/p>\n<p style=\"text-align: justify;\"><strong>Votre meilleur souvenir lors d&rsquo;un festival ou d&rsquo;un concert ?<br \/>\n<\/strong>\u00ab\u00a0Ils se regardent et crient ensemble\u00a0\u00bb : LE HELLFEST ! M\u00eame si on a jou\u00e9 que 35 mn, c&rsquo;\u00e9tait le pied, l&rsquo;accueil et le public, c&rsquo;est un festival 5* !\u00a0 C&rsquo;est LE meilleur festival du monde ! Quand il ne sera plus l\u00e0, comment on fera ? C&rsquo;est la messe du m\u00e9tal.<br \/>\n<strong>Herv\u00e9\u00a0:<\/strong> On esp\u00e8re qu&rsquo;aujourd&rsquo;hui sera aussi un bon souvenir, que les gens nous attendrons jusqu&rsquo;\u00e0 la fin !<\/p>\n<p style=\"text-align: center;\"><img loading=\"lazy\" decoding=\"async\" class=\"aligncenter size-full wp-image-22430\" title=\"black-bomb-a-2018-03\" src=\"http:\/\/lamagicbox.com\/magazine\/wp-content\/uploads\/2018\/11\/black-bomb-a-2018-03.jpg\" alt=\"black-bomb-a-2018-03\" width=\"333\" height=\"500\" srcset=\"https:\/\/lamagicbox.com\/magazine\/wp-content\/uploads\/2018\/11\/black-bomb-a-2018-03.jpg 333w, https:\/\/lamagicbox.com\/magazine\/wp-content\/uploads\/2018\/11\/black-bomb-a-2018-03-100x150.jpg 100w, https:\/\/lamagicbox.com\/magazine\/wp-content\/uploads\/2018\/11\/black-bomb-a-2018-03-200x300.jpg 200w\" sizes=\"auto, (max-width: 333px) 100vw, 333px\" \/><\/p>\n<p>&nbsp;<\/p>\n<p>&nbsp;<\/p>\n<p>&nbsp;<\/p>\n<!--themify_builder_content-->\n<div id=\"themify_builder_content-22120\" data-postid=\"22120\" class=\"themify_builder_content themify_builder_content-22120 themify_builder tf_clear\">\n    <\/div>\n<!--\/themify_builder_content-->\n","protected":false},"excerpt":{"rendered":"<p>BLACK BOMB A Interview d&rsquo;un groupe mythique du m\u00e9tal Fran\u00e7ais ! &nbsp; Date :\u00a020 octobre 2018 Festival :\u00a0Carnaval Rock 2018 Lieu :\u00a0France, Bretagne, Saint-Brieuc (22) &nbsp; [hr color=\u00a0\u00bbred\u00a0\u00bb] Par Manon B. \/ Photos : St\u00e9phane Guillaume Pierre (bassiste) et Herv\u00e9 (batterie), membres de Black Bomb A (PUNK\/HARDCORE) nous ont accord\u00e9 une interview avant de monter [&hellip;]<\/p>\n","protected":false},"author":20,"featured_media":22425,"comment_status":"open","ping_status":"open","sticky":false,"template":"","format":"standard","meta":{"footnotes":""},"categories":[125],"tags":[766],"class_list":["post-22120","post","type-post","status-publish","format-standard","has-post-thumbnail","hentry","category-interview","tag-black-bomb-a","has-post-title","has-post-date","has-post-category","has-post-tag","has-post-comment","has-post-author",""],"builder_content":"","_links":{"self":[{"href":"https:\/\/lamagicbox.com\/magazine\/wp-json\/wp\/v2\/posts\/22120","targetHints":{"allow":["GET"]}}],"collection":[{"href":"https:\/\/lamagicbox.com\/magazine\/wp-json\/wp\/v2\/posts"}],"about":[{"href":"https:\/\/lamagicbox.com\/magazine\/wp-json\/wp\/v2\/types\/post"}],"author":[{"embeddable":true,"href":"https:\/\/lamagicbox.com\/magazine\/wp-json\/wp\/v2\/users\/20"}],"replies":[{"embeddable":true,"href":"https:\/\/lamagicbox.com\/magazine\/wp-json\/wp\/v2\/comments?post=22120"}],"version-history":[{"count":0,"href":"https:\/\/lamagicbox.com\/magazine\/wp-json\/wp\/v2\/posts\/22120\/revisions"}],"wp:featuredmedia":[{"embeddable":true,"href":"https:\/\/lamagicbox.com\/magazine\/wp-json\/wp\/v2\/media\/22425"}],"wp:attachment":[{"href":"https:\/\/lamagicbox.com\/magazine\/wp-json\/wp\/v2\/media?parent=22120"}],"wp:term":[{"taxonomy":"category","embeddable":true,"href":"https:\/\/lamagicbox.com\/magazine\/wp-json\/wp\/v2\/categories?post=22120"},{"taxonomy":"post_tag","embeddable":true,"href":"https:\/\/lamagicbox.com\/magazine\/wp-json\/wp\/v2\/tags?post=22120"}],"curies":[{"name":"wp","href":"https:\/\/api.w.org\/{rel}","templated":true}]}}