{"id":21855,"date":"2018-10-12T08:00:11","date_gmt":"2018-10-12T06:00:11","guid":{"rendered":"http:\/\/lamagicbox.com\/magazine\/?p=21855"},"modified":"2018-10-08T09:51:05","modified_gmt":"2018-10-08T07:51:05","slug":"minuit-vertigo","status":"publish","type":"post","link":"https:\/\/lamagicbox.com\/magazine\/minuit-vertigo\/","title":{"rendered":"Minuit  &#8211; Vertigo"},"content":{"rendered":"<p><span style=\"color: #800000;\"><strong>2018 \u2013\u00a0 12 titres \u2013 41\u201925<\/strong><\/span><br \/>\n<strong>Label :\u00a0<\/strong>Because Music<br \/>\n<strong><em>Style\u00a0:\u00a0\u00a0<\/em><\/strong>Rock\/\u00e9l\u00e9ctro\/Pop<br \/>\n<strong><em>Origine\u00a0:<\/em><\/strong>\u00a0France, IDF, Paris (75)<br \/>\n<em><strong>Date de sortie de l\u2019album :\u00a0<\/strong><\/em>19 octobre\u00a02018<\/p>\n<p style=\"text-align: right;\">\n<hr \/>\n<p style=\"text-align: right;\"><strong><em>Par Manon B.\u00a0<\/em><\/strong><\/p>\n<p style=\"text-align: justify;\"><strong><em>Apr\u00e8s une arriv\u00e9e fracassante sur les devants de la sc\u00e8ne, un EP acclam\u00e9 de tous, et surtout un public tr\u00e8s curieux de d\u00e9couvrir leur univers myst\u00e9rieux, Minuit sort son premier album \u00ab\u00a0Vertigo\u00a0\u00bb. C&rsquo;est un album ambitieux, puissant en son, des paroles dans un fran\u00e7ais voluptueux, et cette voix si singuli\u00e8re de Simone Ringer.\u00a0<\/em><\/strong><\/p>\n<p style=\"text-align: justify;\">L&rsquo;album\u00a0\u00bbVertigo\u00a0\u00bb nous inspire des vertiges de son, de chants calibr\u00e9s et travaill\u00e9s, du r\u00e9el \u00e0 l&rsquo;imaginaire. Form\u00e9 depuis 2013 par Raoul Chichin et Joseph Delmas (guitaristes), le groupe aime depuis leur d\u00e9but\u00a0 jouer des contrastes entre sentiments bruts et m\u00e9lodies entra\u00eenantes.<\/p>\n<p style=\"text-align: justify;\">\u00ab\u00a0Vertigo\u00a0\u00bb aborde plusieurs th\u00e8mes : L\u2019amour, l\u2019amiti\u00e9, la solitude, la ville, l\u2019ailleurs, les addictions, l\u2019onirique\u2026 S\u2019ouvrant sur un clin d\u2019\u0153il fi\u00e9vreux \u00e0 Blondie, \u00ab\u00a0Vertigo\u00a0\u00bb est un album hautement visuel et foisonnant. Live \u00e9galement, puisque certains de ses morceaux ont d\u2019abord \u00e9t\u00e9 test\u00e9s sur sc\u00e8ne avant d\u2019\u00eatre fa\u00e7onn\u00e9s en studio. Ils sont tour \u00e0 tour sensuels (\u00ab Paris Tropical \u00bb, \u00ab Moaning for Your Love \u00bb, \u00ab Obsession \u00bb, que l\u2019on d\u00e9clare d\u2019ores et d\u00e9j\u00e0 tube de l\u2019ann\u00e9e 2018), m\u00e9lancoliques (\u00ab Cimeti\u00e8re des amiti\u00e9s \u00bb), nostalgiques (\u00ab Oran \u00bb), inqui\u00e9tants (\u00ab Glacial \u00bb, \u00ab Harry Tueur \u00bb). Et toujours sensationnels, au sens propre du terme et \u00e0 l\u2019image du morceau-titre.<\/p>\n<p style=\"text-align: justify;\">Oui les enfants de Rita sont arriv\u00e9s, non pas pour nous d\u00e9plaire !<\/p>\n<p style=\"text-align: justify;\">\n<hr \/>\n<!--themify_builder_content-->\n<div id=\"themify_builder_content-21855\" data-postid=\"21855\" class=\"themify_builder_content themify_builder_content-21855 themify_builder tf_clear\">\n    <\/div>\n<!--\/themify_builder_content-->\n","protected":false},"excerpt":{"rendered":"<p>2018 \u2013\u00a0 12 titres \u2013 41\u201925 Label :\u00a0Because Music Style\u00a0:\u00a0\u00a0Rock\/\u00e9l\u00e9ctro\/Pop Origine\u00a0:\u00a0France, IDF, Paris (75) Date de sortie de l\u2019album :\u00a019 octobre\u00a02018 Par Manon B.\u00a0 Apr\u00e8s une arriv\u00e9e fracassante sur les devants de la sc\u00e8ne, un EP acclam\u00e9 de tous, et surtout un public tr\u00e8s curieux de d\u00e9couvrir leur univers myst\u00e9rieux, Minuit sort son premier album [&hellip;]<\/p>\n","protected":false},"author":20,"featured_media":21857,"comment_status":"open","ping_status":"open","sticky":false,"template":"","format":"standard","meta":{"footnotes":""},"categories":[39],"tags":[878,2129],"class_list":["post-21855","post","type-post","status-publish","format-standard","has-post-thumbnail","hentry","category-albums-francais","tag-minuit","tag-rita-mitsouko","has-post-title","has-post-date","has-post-category","has-post-tag","has-post-comment","has-post-author",""],"builder_content":"","_links":{"self":[{"href":"https:\/\/lamagicbox.com\/magazine\/wp-json\/wp\/v2\/posts\/21855","targetHints":{"allow":["GET"]}}],"collection":[{"href":"https:\/\/lamagicbox.com\/magazine\/wp-json\/wp\/v2\/posts"}],"about":[{"href":"https:\/\/lamagicbox.com\/magazine\/wp-json\/wp\/v2\/types\/post"}],"author":[{"embeddable":true,"href":"https:\/\/lamagicbox.com\/magazine\/wp-json\/wp\/v2\/users\/20"}],"replies":[{"embeddable":true,"href":"https:\/\/lamagicbox.com\/magazine\/wp-json\/wp\/v2\/comments?post=21855"}],"version-history":[{"count":0,"href":"https:\/\/lamagicbox.com\/magazine\/wp-json\/wp\/v2\/posts\/21855\/revisions"}],"wp:featuredmedia":[{"embeddable":true,"href":"https:\/\/lamagicbox.com\/magazine\/wp-json\/wp\/v2\/media\/21857"}],"wp:attachment":[{"href":"https:\/\/lamagicbox.com\/magazine\/wp-json\/wp\/v2\/media?parent=21855"}],"wp:term":[{"taxonomy":"category","embeddable":true,"href":"https:\/\/lamagicbox.com\/magazine\/wp-json\/wp\/v2\/categories?post=21855"},{"taxonomy":"post_tag","embeddable":true,"href":"https:\/\/lamagicbox.com\/magazine\/wp-json\/wp\/v2\/tags?post=21855"}],"curies":[{"name":"wp","href":"https:\/\/api.w.org\/{rel}","templated":true}]}}