{"id":21798,"date":"2018-10-07T16:13:13","date_gmt":"2018-10-07T14:13:13","guid":{"rendered":"http:\/\/lamagicbox.com\/magazine\/?p=21798"},"modified":"2018-10-07T16:13:13","modified_gmt":"2018-10-07T14:13:13","slug":"rencontre-avec-klink-clock-accidents-octobre-2018","status":"publish","type":"post","link":"https:\/\/lamagicbox.com\/magazine\/rencontre-avec-klink-clock-accidents-octobre-2018\/","title":{"rendered":"Rencontre avec Klink Clock &#8211; \u00ab\u00a0Accidents\u00a0\u00bb &#8211; Octobre 2018"},"content":{"rendered":"<h1 class=\"post-title entry-title\"><span style=\"color: #800000;\">KLINK CLOCK&#8230;<\/span><\/h1>\n<h2 style=\"text-align: center;\"><strong><em>&#8230;duo sauvage et grunge !\u00a0<\/em><\/strong><\/h2>\n<p><strong>2018 \u2013\u00a0 11 titres<br \/>\n<\/strong><strong><em>Style\u00a0:\u00a0\u00a0<\/em><\/strong>Rock<br \/>\n<strong><em>Origine\u00a0:<\/em><\/strong>\u00a0France, IDF, Paris (75)<br \/>\n<em><strong>Date de sortie de l\u2019album :\u00a0<\/strong><\/em>12 octobre\u00a02018<\/p>\n<p style=\"text-align: right;\">\n<hr \/>\n<p><img loading=\"lazy\" decoding=\"async\" class=\"alignnone size-medium wp-image-21806 aligncenter\" title=\"klink clock accidents\" src=\"http:\/\/lamagicbox.com\/magazine\/wp-content\/uploads\/2018\/10\/klink-clock-accidents-150x150.jpg\" alt=\"klink clock accidents\" width=\"150\" height=\"150\" srcset=\"https:\/\/lamagicbox.com\/magazine\/wp-content\/uploads\/2018\/10\/klink-clock-accidents-150x150.jpg 150w, https:\/\/lamagicbox.com\/magazine\/wp-content\/uploads\/2018\/10\/klink-clock-accidents-300x300.jpg 300w, https:\/\/lamagicbox.com\/magazine\/wp-content\/uploads\/2018\/10\/klink-clock-accidents.jpg 700w\" sizes=\"auto, (max-width: 150px) 100vw, 150px\" \/><\/p>\n<p style=\"text-align: justify;\"><strong><em>Rencontre avec Aur\u00e9lien, guitariste, luthier, et membre du duo sauvage et grunge Klink Clock, ce groupe parisien qui \u00e9merge, fais parler d&rsquo;eux et qui et sortira son 1er album \u00ab\u00a0Accidents\u00a0\u00bb le 12 Octobre prochain. Apr\u00e8s 3 EP et de solides r\u00e9f\u00e9rences live (Rock en Seine, Solidays, premi\u00e8res parties d&rsquo;Indochine, Trust&#8230;) ils sautent le pas et nous avons\u00a0 voulu en savoir plus sur ce nouvel album et le duo en lui m\u00eame !<\/em><\/strong><\/p>\n<p><img loading=\"lazy\" decoding=\"async\" class=\"alignnone size-medium wp-image-21802 alignleft\" title=\"20180927_183209\" src=\"http:\/\/lamagicbox.com\/magazine\/wp-content\/uploads\/2018\/10\/20180927_183209-84x150.jpg\" alt=\"20180927_183209\" width=\"84\" height=\"150\" srcset=\"https:\/\/lamagicbox.com\/magazine\/wp-content\/uploads\/2018\/10\/20180927_183209-84x150.jpg 84w, https:\/\/lamagicbox.com\/magazine\/wp-content\/uploads\/2018\/10\/20180927_183209-768x1365.jpg 768w, https:\/\/lamagicbox.com\/magazine\/wp-content\/uploads\/2018\/10\/20180927_183209-169x300.jpg 169w\" sizes=\"auto, (max-width: 84px) 100vw, 84px\" \/><\/p>\n<p><strong>Comment d\u00e9cris-tu ton groupe\u00a0?<br \/>\n<\/strong>Un duo Rock mixte, <strong>Jennie<\/strong> au chant et moi (<strong>Aur\u00e9lien<\/strong>) \u00e0 la guitare on est tous les 2 devants sur sc\u00e8ne, c\u2019est vraiment quelque chose d\u2019important pour nous car les batteurs sont souvent \u00e0 l\u2019arri\u00e8re de la sc\u00e8ne, nous voulions \u00eatre mis en lumi\u00e8re tous les 2. Avant nous \u00e9tions 4\u2026<\/p>\n<p style=\"text-align: justify;\"><strong>Tu ne penses pas revenir \u00e0 cette composition\u00a0?<\/strong><br \/>\nNon pas vraiment car nos compatriotes sont souvent en tourn\u00e9e, on a jamais r\u00e9ussi \u00e0 caler des moments ensemble. Franck, notre ancien batteur est venu sur 1 ou 2 dates, c\u2019\u00e9tait top de le revoir. Pour le moment nous restons sur notre noyau dur. Plus tard nous aimerions faire des concerts uniques, avec des musiciens qui viendraient se greffer, on verra \u00e7a en 2019\u00a0!<\/p>\n<p style=\"text-align: justify;\"><strong>Quels sont les retours du nouvel album\u00a0?<\/strong><br \/>\nNous n\u2019avons que des bons retours\u00a0! En ce moment on fait des quizz-guitaristes pour promouvoir l\u2019album, si ils ont accept\u00e9 c\u2019est parce qu\u2019ils ont ador\u00e9s ce que nous faisons. Les pr\u00e9ventes se passent tr\u00e8s bien, des magazines parlent de nous , notre attach\u00e9 de presse travaille l\u00e0-dessus en ce moment d\u2019ailleurs, tout se passe bien\u00a0! L\u2019album est bien accueillit on est super motiv\u00e9\u00a0!<\/p>\n<p style=\"text-align: justify;\"><strong>Comment avez-vous travaill\u00e9 sur cet album\u00a0?<\/strong><br \/>\nOn avait \u00e9crit beaucoup de titres, nous n\u2019en avons gard\u00e9 que 11. C\u2019est vrai qu\u2019avec nos boites respective (Fant\u00f4me pour Jennie, et Aura\u2019guitare pour Aur\u00e9lien) on se voit pas souvent avec Jennie, mais pour travailler ces morceaux on n\u2019h\u00e9site pas \u00e0 \u00e9crire nos id\u00e9es, mettre sur un dictaphone, on a aucun soucis pour s\u2019organiser et garder nos m\u00e9lodies. Parfois on arrive qu\u2019avec des textes, faut bosser la m\u00e9lodie, ou alors l\u2019inverse. Dans notre cas nous aimons nous couper du monde, on met les t\u00e9l\u00e9phone en mode avion, et l\u00e0 on peut bosser sans prise de t\u00eate ext\u00e9rieure, sans horloge&#8230; D\u2019ailleurs c\u2019est pour \u00e7a qu\u2019on s\u2019appelle Klinck Clock, si tu arrives pas \u00e0 perdre la notion du temps, te perdre en toi-m\u00eame pour bosser et chercher ce qu\u2019il y a \u00e0 prendre, \u00e7a ne peut pas fonctionner. Comme une horloge d\u00e9r\u00e9gl\u00e9, tant qu\u2019on peut on adore travailler comme \u00e7a, on commence \u00e0 travailler un morceau, on ne sait pas \u00e0 quel heure \u00e7a va finir mais on s\u2019en fiche\u00a0!<\/p>\n<p style=\"text-align: center;\"><img loading=\"lazy\" decoding=\"async\" class=\"aligncenter size-full wp-image-21838\" title=\"klink-clock-2018-04\" src=\"http:\/\/lamagicbox.com\/magazine\/wp-content\/uploads\/2018\/10\/klink-clock-2018-04.jpg\" alt=\"klink-clock-2018-04\" width=\"500\" height=\"334\" srcset=\"https:\/\/lamagicbox.com\/magazine\/wp-content\/uploads\/2018\/10\/klink-clock-2018-04.jpg 500w, https:\/\/lamagicbox.com\/magazine\/wp-content\/uploads\/2018\/10\/klink-clock-2018-04-225x150.jpg 225w, https:\/\/lamagicbox.com\/magazine\/wp-content\/uploads\/2018\/10\/klink-clock-2018-04-449x300.jpg 449w\" sizes=\"auto, (max-width: 500px) 100vw, 500px\" \/><\/p>\n<p style=\"text-align: justify;\"><strong>Pourquoi \u00ab\u00a0Accidents\u00a0\u00bb\u00a0?<\/strong><br \/>\nJustement \u00e7a va avec notre fa\u00e7on de travailler, il se passe toujours quelque chose, on ne sait jamais comment et quand \u00e7a va arriver, comme par accident \u00e7a d\u00e9barque. On essaye aussi de surprendre les gens, sur certains morceaux ya de l\u2019orgue, du piano, des choses que l\u2019on a pas l\u2019habitude d\u2019utiliser pour nos morceaux. Nous avons essay\u00e9 le chant en Fran\u00e7ais sur cet album, nous voulions pratiquer notre langue maternelle et s\u2019en amuser, tenter sans se forcer. On est content de nous sur 2\/3 titres, nous en avions fait plus mais nous n\u2019aimions pas le r\u00e9sultat. La langue fran\u00e7aise est dure \u00e0 chanter, assez hach\u00e9. On va essayer suivant les retours d\u2019en faire de plus en plus. Et surtout c\u2019est plus plaisant pour un public fran\u00e7ais, d\u2019entendre du fran\u00e7ais. Le public comprend tout de suite les paroles, le message. Pour nous c\u2019est important de voir les r\u00e9actions face aux paroles de nos chansons. En plus pour le moment nous sommes en France donc on va essayer de se faire plaisir.<\/p>\n<p style=\"text-align: justify;\"><strong>Tu me parles de surprendre le public, que penses-tu de cette mode \u00ab\u00a0rap\/\u00e9lectro\u00a0\u00bb toi qui joue du rock\u00a0?<\/strong><br \/>\nCette musique urbaine ne me choque pas personnellement, mais c\u2019est vrai que le rock devient une musique de \u00ab\u00a0niche\u00a0\u00bb. Certains disent que tout a d\u00e9j\u00e0 \u00e9t\u00e9 fait dans le rock, je ne suis pas d\u2019accord du tout sur ce point de vue. Nous voulions nous surprendre nous-m\u00eame, tenter des choses. Nous avons eu plusieurs essais.<br \/>\nVous avez donc test\u00e9 en live certaines musiques du nouvel album ??<br \/>\nPas toutes, mais la moiti\u00e9 environ, \u00e7a permet d\u2019\u00e9cr\u00e9mer, par exemple quand on a jou\u00e9 en live on s\u2019est rendu compte que \u00e7a ne fonctionnait pas trop avec l\u2019esprit, l\u2019entit\u00e9 du nouvel album. On a pr\u00e9f\u00e9r\u00e9 les retirer de l\u2019album, mais les garder pour certains sets de live, en faire des exclus.<\/p>\n<p style=\"text-align: justify;\"><strong>Pourquoi du noir et du blanc sur l\u2019album, sur vos costumes de sc\u00e8ne\u2026\u00a0?<\/strong><\/p>\n<p style=\"text-align: justify;\">C&rsquo;est notre essentiel, notre mood du moment, et comme on aime bien jouer sur les contrastes noir et blanc on a d\u00e9cider d&rsquo;y aller \u00e0 fond ! On\u00a0 travaille avec Nicolas\u00a0Demare sur nos clips, nos images en noir et blanc et on s&rsquo;est dit que c&rsquo;est ce que l&rsquo;on aime, refl\u00e8te ce que l&rsquo;on est donc on se lance \u00e0 fond dedans. Les contrastes sont des choses sur lesquelles nous aimons jouer : Notre pochette, dans nos morceaux, les styles de musiques qu&rsquo;il y a dans cet album&#8230; Le noir et blanc est plus fort que la couleur, c&rsquo;est fin, pr\u00e9cis, puissant : \u00e7a ne rends pas la m\u00eame chose, comme en photo. Tout est dans le contraste ! Pour les costumes nous travaillons avec une marque Berlinoise Fade Out, qui r\u00e9cup\u00e8re du jean, ils font de l&rsquo;upcycling et en font donc autre chose, c&rsquo;\u00e9tait important pour nous de collaborer avec eux car ca rentre dans notre \u00e9thique et nos valeur, on est tr\u00e8s content d&rsquo;avoir ce partenariat pour la tourn\u00e9e.<\/p>\n<p style=\"text-align: center;\"><img loading=\"lazy\" decoding=\"async\" class=\"aligncenter size-full wp-image-21837\" title=\"klink-clock-2018-03\" src=\"http:\/\/lamagicbox.com\/magazine\/wp-content\/uploads\/2018\/10\/klink-clock-2018-03.jpg\" alt=\"klink-clock-2018-03\" width=\"500\" height=\"333\" srcset=\"https:\/\/lamagicbox.com\/magazine\/wp-content\/uploads\/2018\/10\/klink-clock-2018-03.jpg 500w, https:\/\/lamagicbox.com\/magazine\/wp-content\/uploads\/2018\/10\/klink-clock-2018-03-225x150.jpg 225w, https:\/\/lamagicbox.com\/magazine\/wp-content\/uploads\/2018\/10\/klink-clock-2018-03-450x300.jpg 450w\" sizes=\"auto, (max-width: 500px) 100vw, 500px\" \/><\/p>\n<p style=\"text-align: justify;\"><strong>Comment s&rsquo;est d\u00e9roul\u00e9 la tourn\u00e9e avec Trust ? \u00c7a vous \u00e0 permis de gagner en notori\u00e9t\u00e9 ?<\/strong><\/p>\n<p style=\"text-align: justify;\">Je connais bien Nono de Trust car je suis son backlineur. Nous avons jouer avec eux au Transbordeur, notamment, nous avions fait la 1\u00e8re partie et \u00e0 la fin de leur concert ils nous ont invit\u00e9s sur sc\u00e8ne pour jouer un morceau avec eux\u00a0 \u00ab\u00a0demande \u00e0 ton p\u00e8re, demande \u00e0 ta m\u00e8re\u00a0\u00bb, Jennie au chant, moi guitare,c&rsquo;\u00e9tait super cool. Une superbe exp\u00e9rience !\u00a0 Il y a une bonne \u00e9quipe, une bonne entente, l&rsquo;album est super&#8230;.C&rsquo;\u00e9tait\u00a0le pied de partir en tourn\u00e9e avec eux, par rapport \u00e0 nos tourn\u00e9es pr\u00e9c\u00e9dente o\u00f9 par exemple nous dormions dans des h\u00f4tels pourris, l\u00e0 on avait un super tour bus, et l&rsquo;\u00e9quipe de technicien nous ont bien accueillit, je pense que c&rsquo;est du \u00e0 mon anciennet\u00e9 chez eux aussi ! C&rsquo;est un peu une colonie de vacances et on voit pas \u00e7a sur toutes les tourn\u00e9es.<\/p>\n<p style=\"text-align: justify;\">Et oui nous avons surement gagn\u00e9 en notori\u00e9t\u00e9, on avait un public diff\u00e9rent, qui ne nous attendais pas, on \u00e9tait l\u00e0 pour chauffer la salle pour que Trust arrive sereinement ensuite. Leur public est tr\u00e8s large, des enfants jusqu&rsquo;\u00e0 papi et mamie qui revivent leur jeunesse. J&rsquo;adore voir les petites filles en admiration devant Jennie, qui la voit apr\u00e8s le concert pour essayer de se mettre \u00e0 la batterie, je trouve \u00e7a top ! A la fin de la tourn\u00e9e, nous n&rsquo;avions plus de merch&rsquo; tellement les gens ont appr\u00e9ci\u00e9s ! Bonne nouvelle pour l&rsquo;album \u00e0 venir donc.<\/p>\n<p style=\"text-align: justify;\">Aur\u00e9lien est \u00e9galement luthier et fondateur de la marque Aura. Cette superbe Telemaster qu\u2019il a cr\u00e9\u00e9e sera gagn\u00e9e par l\u2019un des acheteurs du disque du groupe, fa\u00e7on ticket d\u2019or !<\/p>\n<p style=\"text-align: justify;\">Cliquez ici pour acc\u00e9der au concours :\u00a0<a href=\"https:\/\/klinkclock.bandcamp.com\/releases\" target=\"_blank\">https:\/\/klinkclock.bandcamp.com\/releases<\/a><\/p>\n<p><img loading=\"lazy\" decoding=\"async\" class=\"size-medium wp-image-21804 alignleft\" title=\"Klink_Clock_guitare_Aura\" src=\"http:\/\/lamagicbox.com\/magazine\/wp-content\/uploads\/2018\/10\/Klink_Clock_guitare_Aura-84x150.jpg\" alt=\"Klink_Clock_guitare_Aura\" width=\"84\" height=\"150\" srcset=\"https:\/\/lamagicbox.com\/magazine\/wp-content\/uploads\/2018\/10\/Klink_Clock_guitare_Aura-84x150.jpg 84w, https:\/\/lamagicbox.com\/magazine\/wp-content\/uploads\/2018\/10\/Klink_Clock_guitare_Aura-169x300.jpg 169w, https:\/\/lamagicbox.com\/magazine\/wp-content\/uploads\/2018\/10\/Klink_Clock_guitare_Aura.jpg 394w\" sizes=\"auto, (max-width: 84px) 100vw, 84px\" \/><\/p>\n<hr \/>\n<p>Tous les titres sont \u00e9crits, compos\u00e9s et interpr\u00e9t\u00e9s par Klink Clock.<br \/>\nJennie Burke : batterie \/ chant \/ OP-1<br \/>\nAur\u00e9lien Turbant : guitare \/ basse \/ chant \/ piano<\/p>\n<p>Mixage : Aaron Bastinelli<br \/>\nMastering : La Source<br \/>\nPhotos : Nicolas Demare a.k.a. Nidimages<br \/>\nArtwork : Klink Clock<br \/>\nManager : Vincent Portois<\/p>\n<hr \/>\n<p>Toutes les informations sur le groupe et futurs dates de concerts\u00a0<a href=\"http:\/\/www.klinkclock.com\/\">ici<\/a><\/p>\n<!--themify_builder_content-->\n<div id=\"themify_builder_content-21798\" data-postid=\"21798\" class=\"themify_builder_content themify_builder_content-21798 themify_builder tf_clear\">\n    <\/div>\n<!--\/themify_builder_content-->\n","protected":false},"excerpt":{"rendered":"<p>KLINK CLOCK&#8230; &#8230;duo sauvage et grunge !\u00a0 2018 \u2013\u00a0 11 titres Style\u00a0:\u00a0\u00a0Rock Origine\u00a0:\u00a0France, IDF, Paris (75) Date de sortie de l\u2019album :\u00a012 octobre\u00a02018 Rencontre avec Aur\u00e9lien, guitariste, luthier, et membre du duo sauvage et grunge Klink Clock, ce groupe parisien qui \u00e9merge, fais parler d&rsquo;eux et qui et sortira son 1er album \u00ab\u00a0Accidents\u00a0\u00bb le 12 [&hellip;]<\/p>\n","protected":false},"author":20,"featured_media":21836,"comment_status":"open","ping_status":"open","sticky":false,"template":"","format":"standard","meta":{"footnotes":""},"categories":[125],"tags":[1613],"class_list":["post-21798","post","type-post","status-publish","format-standard","has-post-thumbnail","hentry","category-interview","tag-klink-clock","has-post-title","has-post-date","has-post-category","has-post-tag","has-post-comment","has-post-author",""],"builder_content":"","_links":{"self":[{"href":"https:\/\/lamagicbox.com\/magazine\/wp-json\/wp\/v2\/posts\/21798","targetHints":{"allow":["GET"]}}],"collection":[{"href":"https:\/\/lamagicbox.com\/magazine\/wp-json\/wp\/v2\/posts"}],"about":[{"href":"https:\/\/lamagicbox.com\/magazine\/wp-json\/wp\/v2\/types\/post"}],"author":[{"embeddable":true,"href":"https:\/\/lamagicbox.com\/magazine\/wp-json\/wp\/v2\/users\/20"}],"replies":[{"embeddable":true,"href":"https:\/\/lamagicbox.com\/magazine\/wp-json\/wp\/v2\/comments?post=21798"}],"version-history":[{"count":0,"href":"https:\/\/lamagicbox.com\/magazine\/wp-json\/wp\/v2\/posts\/21798\/revisions"}],"wp:featuredmedia":[{"embeddable":true,"href":"https:\/\/lamagicbox.com\/magazine\/wp-json\/wp\/v2\/media\/21836"}],"wp:attachment":[{"href":"https:\/\/lamagicbox.com\/magazine\/wp-json\/wp\/v2\/media?parent=21798"}],"wp:term":[{"taxonomy":"category","embeddable":true,"href":"https:\/\/lamagicbox.com\/magazine\/wp-json\/wp\/v2\/categories?post=21798"},{"taxonomy":"post_tag","embeddable":true,"href":"https:\/\/lamagicbox.com\/magazine\/wp-json\/wp\/v2\/tags?post=21798"}],"curies":[{"name":"wp","href":"https:\/\/api.w.org\/{rel}","templated":true}]}}