{"id":21440,"date":"2018-09-04T16:37:27","date_gmt":"2018-09-04T14:37:27","guid":{"rendered":"http:\/\/lamagicbox.com\/magazine\/?p=21440"},"modified":"2018-09-13T11:56:07","modified_gmt":"2018-09-13T09:56:07","slug":"news-de-septembre-2018","status":"publish","type":"post","link":"https:\/\/lamagicbox.com\/magazine\/news-de-septembre-2018\/","title":{"rendered":"News de Septembre 2018"},"content":{"rendered":"<hr \/>\n<p style=\"text-align: justify;\"><span style=\"color: #800000;\"><strong>SYMPHONIC MAALOUF\u00a0<\/strong><\/span><br \/>\nLe trompettiste est de retour \u00e0 la rentr\u00e9e avec un nouvel album, au titre \u00e9vocateur, \u00ab\u00a0<em><strong>Levantine Symphony N\u00b01<\/strong><\/em>\u00ab\u00a0, qu&rsquo;on nous annonce comme une \u00ab\u00a0pi\u00e8ce symphonique \u00e0 la fois classique, jazz et moderne\u00a0\u00bb. Sortie pr\u00e9vue le 14 septembre.\u00a0C&rsquo;est une collaboration avec la New Levant Initiative, dont le but est d&rsquo;aider\u00a0le d\u00e9veloppement culturel et \u00e9conomique du Levant. D&rsquo;o\u00f9 le titre&#8230; Et un pari d&rsquo;ores et d\u00e9j\u00e0 r\u00e9ussi en partie, puisque l&rsquo;artiste parvient r\u00e9guli\u00e8rement \u00e0 se retrouver sur des m\u00e9dias populaires ou sp\u00e9cialis\u00e9s, \u00e9loign\u00e9s de la seule sc\u00e8ne Classique ou Jazz. Et supposons qu&rsquo;un num\u00e9ro 2 soit d\u00e9j\u00e0 dans les cartons !<br \/>\nA noter d&rsquo;ailleurs, qu&rsquo;Ibrahim Maalouf sera en concert les 18 et 19 janvier \u00e0 la\u00a0<strong>Seine Musicale.<\/strong><\/p>\n<p style=\"text-align: center;\"><iframe loading=\"lazy\" src=\"https:\/\/www.youtube.com\/embed\/mwNZixKoU9U\" width=\"450\" height=\"250\" frameborder=\"0\" allowfullscreen=\"allowfullscreen\"><\/iframe><\/p>\n<hr \/>\n<p style=\"text-align: justify;\"><span style=\"color: #800000;\"><strong>EVASION REUSSI AVEC SAN CAROL\u00a0<\/strong><\/span><br \/>\nRetour attendu pour <strong>San Carol<\/strong> et sa Pop Electro A\u00e9rienne en octobre prochain, avec un album au nom synonyme d&rsquo;\u00e9vasion et d&rsquo;illusion : <strong>Houdini<\/strong>. Si l&rsquo;illusion ne sera pas de mise, l&rsquo;\u00e9vasion sera garantie le temps des 9 titres qui composeront ce nouvel opus, que l&rsquo;on attend pour le 19 octobre 2018 via le label Freemount Records, qui nous a d\u00e9j\u00e0 gratifi\u00e9 de deux belles d\u00e9couvertes cette ann\u00e9e, avec\u00a0<strong>Woody Murder Mystery<\/strong> et\u00a0<a href=\"http:\/\/lamagicbox.com\/magazine\/?p=18011\">Dragon Rapide<\/a>.<br \/>\n<a href=\"https:\/\/www.facebook.com\/pg\/sancarolmusic\" target=\"_blank\">Facebook<\/a><\/p>\n<p style=\"text-align: center;\"><iframe loading=\"lazy\" style=\"border: 0; width: 100%; height: 42px;\" src=\"https:\/\/bandcamp.com\/EmbeddedPlayer\/album=1181171210\/size=small\/bgcol=333333\/linkcol=e99708\/transparent=true\/\" width=\"300\" height=\"150\" seamless=\"\"><a href=\"http:\/\/sancarol.bandcamp.com\/album\/cancer\">Cancer by San Carol<\/a><\/iframe><\/p>\n<p style=\"text-align: justify;\">\n<hr \/>\n<p style=\"text-align: justify;\"><span style=\"color: #800000;\"><strong>FREDDIE \u00ab\u00a0MERCURY\u00a0\u00bb FOR A DAY AU HARD ROCK CAFE PARIS\u00a0\u00a0<\/strong><\/span><\/p>\n<p style=\"text-align: justify;\">Grosse journ\u00e9e pour le Hard Rock caf\u00e9 ce mercredi 5 septembre 2018, jour de l&rsquo;anniversaire posthume de Freddy Mercury (72 ans). Voyez plutot le programme :<br \/>\n<strong><img loading=\"lazy\" decoding=\"async\" class=\"size-full wp-image-21441 alignright\" title=\"freddy-for-a-day-2018\" src=\"http:\/\/lamagicbox.com\/magazine\/wp-content\/uploads\/2018\/09\/freddy-for-a-day-2018.jpg\" alt=\"freddy-for-a-day-2018\" width=\"300\" height=\"300\" srcset=\"https:\/\/lamagicbox.com\/magazine\/wp-content\/uploads\/2018\/09\/freddy-for-a-day-2018.jpg 300w, https:\/\/lamagicbox.com\/magazine\/wp-content\/uploads\/2018\/09\/freddy-for-a-day-2018-150x150.jpg 150w, https:\/\/lamagicbox.com\/magazine\/wp-content\/uploads\/2018\/09\/freddy-for-a-day-2018-120x120.jpg 120w\" sizes=\"auto, (max-width: 300px) 100vw, 300px\" \/>11H-18H\u00a0:<\/strong>\u00a0Exposition discographique de Queen organis\u00e9e par les fans clubs Queen France et Queen Belgique +\u00a0Quizz sp\u00e9cial<br \/>\n&#8212;&#8212;&#8212;&#8212;&#8212;&#8212;&#8212;&#8212;&#8212;&#8212;<br \/>\n<strong>15 H\u00a0:<\/strong>\u00a0D\u00e9dicaces de Dario Blues Di Nardo,\u00a0auteur de \u00ab\u00a0The Drums of Roger Meddows Taylor\u00a0\u00bb<br \/>\n&#8212;&#8212;&#8212;&#8212;&#8212;&#8212;&#8212;&#8212;&#8212;&#8212;<br \/>\n<strong>17-18 H\u00a0<\/strong>: Meet &amp; Greet avec Barry Mitchell, second bassiste de Queen<br \/>\n&#8212;&#8212;&#8212;&#8212;&#8212;&#8212;&#8212;&#8212;&#8212;&#8212;<br \/>\n<strong>19H45<\/strong>\u00a0: Concours de costumes et lots \u00e0 gagner<br \/>\n&#8212;&#8212;&#8212;&#8212;&#8212;&#8212;&#8212;&#8212;&#8212;&#8212;<br \/>\n<strong>20H30<\/strong>\u00a0: Concert tribute par Bohemian Dust<\/p>\n<p style=\"text-align: justify;\">Plus d&rsquo;infos : <a href=\"http:\/\/www.hardrock.com\/cafes\/paris\/fr\/\" target=\"_blank\">Hard Rock Caf\u00e9 Paris<\/a><\/p>\n<p style=\"text-align: justify;\">\n<hr \/>\n<p style=\"text-align: justify;\"><span style=\"color: #800000;\"><strong>ALEXIS HK &#8211; COMME UN OURS &#8211; EN OCTOBRE<\/strong><\/span><br \/>\n<em><strong>\u00ab\u00a0Comme un ours<\/strong><\/em>, Alexis sort de son hibernation cr\u00e9atrice apr\u00e8s deux saisons de\u00a0tourn\u00e9e triomphale avec \u00ab Georges &amp; moi \u00bb pour retrouver son propre r\u00e9pertoire, sa\u00a0propre \u00e9criture, sa musicalit\u00e9 unique\u2026<br \/>\nComme un ours est \u00e0 la crois\u00e9e des chemins. Ancr\u00e9 dans l\u2019identit\u00e9 musicale d\u2019Alexis\u00a0et dans la continuit\u00e9 des pr\u00e9c\u00e9dents albums avec des orchestrations folk assez\u00a0d\u00e9pouill\u00e9es (guitares acoustiques, ukul\u00e9l\u00e9, banjo, ukul\u00e9l\u00e9 basse), des m\u00e9lodies\u00a0fortes m\u00eal\u00e9es \u00e0 un flow faisant un clin d\u2019oeil au hip hop, ce 5\u00e8me album se\u00a0pare d\u2019arrangements plus modernes gr\u00e2ce \u00e0 la collaboration de S\u00e9bastien Collinet\u00a0(Rover, Florent Marchet) : des boites \u00e0 rythmes qui mettent en valeur le flow d\u2019Alexis,des programmations discr\u00e8tes comme fond sonore, de l\u2019espace, et l\u2019\u00e9l\u00e9gance du\u00a0violoncelle.\u00a0\u00bb<\/p>\n<p style=\"text-align: center;\"><iframe loading=\"lazy\" src=\"https:\/\/www.youtube.com\/embed\/o7tw_FbY_cU\" width=\"450\" height=\"250\" frameborder=\"0\" allowfullscreen=\"allowfullscreen\"><\/iframe><\/p>\n<p style=\"text-align: justify;\">\n<hr \/>\n<p style=\"text-align: justify;\"><span style=\"color: #800000;\"><em><strong>MACY GRAY SORT SON NOUVEAU BIJOU&#8230;<\/strong><\/em><\/span><br \/>\n\u00ab\u00a0Avec plus de 25 millions d&rsquo;albums vendus \u00e0 travers le monde,\u00a0<strong>Macy Gray<\/strong>\u00a0occupe une place \u00e0 part enti\u00e8re dans la musique actuelle.<img loading=\"lazy\" decoding=\"async\" class=\"size-full wp-image-21443 alignright\" title=\"macy-gray-2018\" src=\"http:\/\/lamagicbox.com\/magazine\/wp-content\/uploads\/2018\/09\/macy-gray-2018.jpg\" alt=\"macy-gray-2018\" width=\"150\" height=\"150\" \/><br \/>\nSon dixi\u00e8me album\u00a0<em><strong>Ruby <\/strong><\/em>sera dans les bacs le 21 septembre prochain.\u00a0Premier single\u00a0<strong><em>Sugar Daddy<\/em>\u00a0<\/strong>d\u00e9j\u00e0 disponible.\u00a0\u00bb<\/p>\n<p style=\"text-align: justify;\">Ce dixi\u00e8me album de Macy Gray,\u00a0<em>RUBY<\/em>\u00a0[Artistry Music\/Mack Avenue], r\u00e9affirme sa signature rare que de nombreux fans ch\u00e9rissent. \u00ab J\u2019adore les rubis, explique-t-elle, Je recherchais un titre qui pourrait coller. La pierre est rouge, et c\u2019est bien sur ma couleur pr\u00e9f\u00e9r\u00e9e. Une couleur riche, qui repr\u00e9sente tellement de choses. C\u2019est assez classique, tout comme cet album.\u00a0\u00bb<\/p>\n<p style=\"text-align: justify;\">\u00a0<\/p>\n<hr \/>\n<!--themify_builder_content-->\n<div id=\"themify_builder_content-21440\" data-postid=\"21440\" class=\"themify_builder_content themify_builder_content-21440 themify_builder tf_clear\">\n    <\/div>\n<!--\/themify_builder_content-->\n","protected":false},"excerpt":{"rendered":"<p>SYMPHONIC MAALOUF\u00a0 Le trompettiste est de retour \u00e0 la rentr\u00e9e avec un nouvel album, au titre \u00e9vocateur, \u00ab\u00a0Levantine Symphony N\u00b01\u00ab\u00a0, qu&rsquo;on nous annonce comme une \u00ab\u00a0pi\u00e8ce symphonique \u00e0 la fois classique, jazz et moderne\u00a0\u00bb. Sortie pr\u00e9vue le 14 septembre.\u00a0C&rsquo;est une collaboration avec la New Levant Initiative, dont le but est d&rsquo;aider\u00a0le d\u00e9veloppement culturel et \u00e9conomique [&hellip;]<\/p>\n","protected":false},"author":1,"featured_media":0,"comment_status":"open","ping_status":"open","sticky":false,"template":"","format":"standard","meta":{"footnotes":""},"categories":[110],"tags":[2106,2105],"class_list":["post-21440","post","type-post","status-publish","format-standard","hentry","category-news-du-mois","tag-freemount-records","tag-san-carol","has-post-title","has-post-date","has-post-category","has-post-tag","has-post-comment","has-post-author",""],"builder_content":"","_links":{"self":[{"href":"https:\/\/lamagicbox.com\/magazine\/wp-json\/wp\/v2\/posts\/21440","targetHints":{"allow":["GET"]}}],"collection":[{"href":"https:\/\/lamagicbox.com\/magazine\/wp-json\/wp\/v2\/posts"}],"about":[{"href":"https:\/\/lamagicbox.com\/magazine\/wp-json\/wp\/v2\/types\/post"}],"author":[{"embeddable":true,"href":"https:\/\/lamagicbox.com\/magazine\/wp-json\/wp\/v2\/users\/1"}],"replies":[{"embeddable":true,"href":"https:\/\/lamagicbox.com\/magazine\/wp-json\/wp\/v2\/comments?post=21440"}],"version-history":[{"count":0,"href":"https:\/\/lamagicbox.com\/magazine\/wp-json\/wp\/v2\/posts\/21440\/revisions"}],"wp:attachment":[{"href":"https:\/\/lamagicbox.com\/magazine\/wp-json\/wp\/v2\/media?parent=21440"}],"wp:term":[{"taxonomy":"category","embeddable":true,"href":"https:\/\/lamagicbox.com\/magazine\/wp-json\/wp\/v2\/categories?post=21440"},{"taxonomy":"post_tag","embeddable":true,"href":"https:\/\/lamagicbox.com\/magazine\/wp-json\/wp\/v2\/tags?post=21440"}],"curies":[{"name":"wp","href":"https:\/\/api.w.org\/{rel}","templated":true}]}}