{"id":21384,"date":"2018-08-31T23:59:10","date_gmt":"2018-08-31T21:59:10","guid":{"rendered":"http:\/\/lamagicbox.com\/magazine\/?p=21384"},"modified":"2024-02-24T12:50:31","modified_gmt":"2024-02-24T11:50:31","slug":"watts-a-bar-2018","status":"publish","type":"post","link":"https:\/\/lamagicbox.com\/magazine\/watts-a-bar-2018\/","title":{"rendered":"Watts \u00c0 Bar 2018 &#8211; Bar Le Duc (55)"},"content":{"rendered":"<h2><span style=\"color: #333333;\"><img loading=\"lazy\" decoding=\"async\" class=\"size-full wp-image-21386 alignleft\" title=\"Watts \u00c0 Bar 2018 vignette\" src=\"http:\/\/lamagicbox.com\/magazine\/wp-content\/uploads\/2018\/09\/Watts-\u00c0-Bar-2018-vignette.jpg\" alt=\"Watts \u00c0 Bar 2018 vignette\" width=\"150\" height=\"225\" srcset=\"https:\/\/lamagicbox.com\/magazine\/wp-content\/uploads\/2018\/09\/Watts-\u00c0-Bar-2018-vignette.jpg 150w, https:\/\/lamagicbox.com\/magazine\/wp-content\/uploads\/2018\/09\/Watts-\u00c0-Bar-2018-vignette-100x150.jpg 100w\" sizes=\"auto, (max-width: 150px) 100vw, 150px\" \/>Watts \u00c0 Bar<\/span><\/h2>\n<h2 align=\"JUSTIFY\"><span style=\"color: #800000;\">Le 31 Ao\u00fbt 2018<\/span><\/h2>\n<h2 align=\"JUSTIFY\"><span style=\"color: #333333;\">Bar Le Duc (55)<\/span><\/h2>\n<h2 align=\"JUSTIFY\"><span style=\"color: #800000;\"><span style=\"text-decoration: underline;\">Notre avis<\/span>\u00a0: [star rating=\u00a0\u00bb5&Prime; max=\u00a0\u00bb5&Prime;]<\/span><\/h2>\n<hr \/>\n<p style=\"text-align: justify;\"><em><strong><span lang=\"fr-BE\">Nous avons eu droit \u00e0 une ambiance de feu pour cette premi\u00e8re soir\u00e9e de la 8\u00e8me \u00e9dition du festival Watts \u00c0 Bar. Sous les auspices du punk, du rock et du metal, le\u00a0<\/span><\/strong><\/em><em><strong><span lang=\"fr-BE\">chapiteau \u00e9tait plein \u00e0 craquer, avec au programme de la rage et de la r\u00e9volte. Petite r\u00e9trospective&#8230;<\/span><\/strong><\/em><\/p>\n<h2><span lang=\"fr-BE\" style=\"color: #800000;\">ADAM<\/span><\/h2>\n<p style=\"text-align: justify;\">C\u2019est avec Adam que nous avons le plaisir de d\u00e9buter cette \u00e9dition. Apr\u00e8s avoir gagn\u00e9 le tremplin L\u2019Oiseau Rare de la MJC Pichon, les trois jeunes Lorrains ont d\u00e9cid\u00e9 de rallumer la flamme du rock hexagonal. Un rock simple et efficace, dont le seul but est de faire bouger la foule \u00e0 grand renfort de riffs. Compos\u00e9 de J\u00e9r\u00e9my Adam (\u00e0 la guitare et au chant), d&rsquo;Anthony \u00ab\u00a0Sheffield\u00a0\u00bb Cox (\u00e0 la basse) et de\u00a0Lou Stan (\u00e0 la batterie), le trio a d\u00e9j\u00e0 eu l&rsquo;occasion de parcourir les sc\u00e8nes messines et nanc\u00e9iennes.\u00a0Le groupe investit ce soir la sc\u00e8ne de Watts \u00c0 Bar. Le public tarde encore \u00e0 arriver. Le chapiteau se remplit petit \u00e0 petit. C&rsquo;est avec \u00ab\u00a0Feu !\u00a0\u00bb que le set est lanc\u00e9. L&rsquo;encha\u00eenement est fait avec \u00ab\u00a0Le Roi Est Mort\u00a0\u00bb. Le groupe harangue le public et l&rsquo;invite \u00e0 faire du bruit. <em>\u00c7a va, vous passez une bonne soir\u00e9e ?!! La prochaine s\u2019appelle \u00ab\u00a0Dolce Vita\u00a0\u00bb !<\/em> Le show se poursuit avec \u00ab\u00a0Si\u00a0Sexe\u00a0\u00bb et \u00ab\u00a0Gazoline\u00a0\u00bb. Adam remercie le Watts \u00c0 Bar pour l&rsquo;organisation et invite le public \u00e0 les retrouver au merch. <em>La prochaine s\u2019appelle \u00ab\u00a0Pur Sang\u00a0\u00bb ! On arrive d\u00e9j\u00e0 \u00e0 la derni\u00e8re.<\/em> C&rsquo;est avec \u00ab\u00a0Les Murs\u00a0\u00bb que le set est cl\u00f4tur\u00e9.\u00a0<em> Merci beaucoup ! C&rsquo;\u00e9tait Adam ! \u00c0 la prochaine !<\/em>\u00a0En tout cas, une tr\u00e8s belle entr\u00e9e en mati\u00e8re pour lancer la soir\u00e9e !<\/p>\n<p style=\"text-align: justify;\"><img loading=\"lazy\" decoding=\"async\" class=\"size-full wp-image-21400 aligncenter\" title=\"ADAM - WATTS \u00c0 BAR 2018\" src=\"http:\/\/lamagicbox.com\/magazine\/wp-content\/uploads\/2018\/09\/ADAM-WATTS-\u00c0-BAR-2018.jpg\" alt=\"ADAM - WATTS \u00c0 BAR 2018\" width=\"500\" height=\"377\" srcset=\"https:\/\/lamagicbox.com\/magazine\/wp-content\/uploads\/2018\/09\/ADAM-WATTS-\u00c0-BAR-2018.jpg 500w, https:\/\/lamagicbox.com\/magazine\/wp-content\/uploads\/2018\/09\/ADAM-WATTS-\u00c0-BAR-2018-199x150.jpg 199w, https:\/\/lamagicbox.com\/magazine\/wp-content\/uploads\/2018\/09\/ADAM-WATTS-\u00c0-BAR-2018-398x300.jpg 398w\" sizes=\"auto, (max-width: 500px) 100vw, 500px\" \/><\/p>\n<p><strong><span style=\"text-decoration: underline;\">Adam<\/span>\u00a0:<\/strong><\/p>\n<p>J\u00e9r\u00e9my Adam (guitare &amp; chant).<br \/>Anthony \u00ab\u00a0Sheffield\u00a0\u00bb Cox (basse).<br \/>Lou Stan (batterie).<\/p>\n<p style=\"text-align: justify;\"><strong><span style=\"text-decoration: underline;\">Adam<\/span>\u00a0:\u00a0<a href=\"https:\/\/www.facebook.com\/adamgrouperockmetz\/\" target=\"_blank\" rel=\"noopener\">Facebook<\/a>\u00a0\/ <a href=\"https:\/\/www.instagram.com\/adam_groupe_rock_metz\/\" target=\"_blank\" rel=\"noopener\">Instagram<\/a> \/\u00a0<a href=\"https:\/\/www.youtube.com\/channel\/UCwAVGVRJQDYo9N3lvlJJdBw\" target=\"_blank\" rel=\"noopener\">Youtube<\/a>\u00a0\/ <a href=\"https:\/\/www.adam-lesiteofficiel.com\/\" target=\"_blank\" rel=\"noopener\">Site Officiel<\/a><\/strong><\/p>\n<p><strong><span style=\"text-decoration: underline;\">Les photos de la soir\u00e9e<\/span>\u00a0: <a href=\"https:\/\/www.facebook.com\/1386534708235705\/photos\/?tab=album&amp;album_id=2046504842238685\" target=\"_blank\" rel=\"noopener\">ici<\/a>.<\/strong><\/p>\n<h2><span lang=\"fr-BE\" style=\"color: #800000;\">TAGADA JONES<\/span><\/h2>\n<p style=\"text-align: justify;\">Le chapiteau s\u2019est d\u00e9sormais bien rempli, et une intro musicale annonce le d\u00e9but du show. Le nom du groupe scintille sur le fond de la sc\u00e8ne, et les protagonistes d\u00e9barquent sur sc\u00e8ne. C\u2019est avec\u00a0\u00ab\u00a0Envers Et Contre Tous\u00a0\u00bb que le set est lanc\u00e9. L\u2019encha\u00eenement est fait directement avec \u00ab\u00a0Z\u00e9ro De Conduite\u00a0\u00bb. Quelle furie, et quel rythme les amis !!! Un fan d\u00e9guis\u00e9 en indien s&rsquo;invite sur sc\u00e8ne aux c\u00f4t\u00e9s de Niko. L&rsquo;ambiance monte dans le chapiteau, et le public se fait entendre. Le show se poursuit avec \u00ab\u00a0La Peste Et Le Chol\u00e9ra\u00a0\u00bb. Chacun parcourt la sc\u00e8ne de long en large. Quelle \u00e9nergie !!! <em>Bonsoir Bar Le Duc !!! Merci d&rsquo;\u00eatre venus !!! Les groupes qui sont l\u00e0 ce soir sont des potes !!! Est-ce que t\u2019es capable de faire du bruit Watts \u00c0 Bar ?!!! La prochaine s\u2019appelle\u00a0\u00ab\u00a0Le Monde Tourne \u00c0 L&rsquo;Envers\u00a0\u00bb !!!<\/em> Les vibrations sont incroyables au pied de la sc\u00e8ne ! Les pogos ont fait leur apparition. La d\u00e9ferlante se poursuit avec \u00ab\u00a0Yech&rsquo;ed Mat\u00a0\u00bb et\u00a0\u00ab\u00a0Instinct Sauvage\u00a0\u00bb.<em> Est-ce que t\u2019es pr\u00eat \u00e0 chanter Watts \u00c0 Bar ?!!<\/em>\u00a0Et c&rsquo;est chose faite sur \u00ab\u00a0Karim &amp; Juliette\u00a0\u00bb. Tout est sous contr\u00f4le, nous sommes rassur\u00e9s avec \u00ab\u00a0Tout Va Bien\u00a0\u00bb ! Le public claque des mains. Le temps de glisser qu&rsquo;ils seront \u00e0 Nancy \u00e0 L\u2019Autre Canal le 8 novembre prochain, et voil\u00e0 \u00ab\u00a0Pas De Futur\u00a0\u00bb et \u00ab\u00a0Descente Aux Enfers\u00a0\u00bb.\u00a0Quelle claque les amis ! Le public est chaud bouillant. \u00ab\u00a0Vendredi 13\u00a0\u00bb est annonc\u00e9 <em>pour tous ces gens qui sont tomb\u00e9s au Bataclan !!!<\/em> Les poings se l\u00e8vent, et une d\u00e9dicace est faite \u00e0 Charlie Hebdo avec \u00ab\u00a0Je Suis D\u00e9mocratie\u00a0\u00bb. <em>Bar Le Duc !!! La Meuse !!! Vous \u00eates pr\u00eats \u00e0 chanter pour la mixit\u00e9, contre le racisme&#8230; ?!!<\/em> C\u2019est avec \u00ab\u00a0Mort Aux Cons\u00a0\u00bb que le set se termine alors. Le groupe remercie la technique, toute l&rsquo;\u00e9quipe, l\u2019organisation\u2026 La foule chante encore. Quelle ambiance !!! <em>Merci \u00e0 tous !!! Bonne fin de festival. C&rsquo;\u00e9tait Tagada Jones !!!<\/em> Une prestation exceptionnelle !<\/p>\n<p style=\"text-align: justify;\"><img loading=\"lazy\" decoding=\"async\" class=\"size-full wp-image-21401 aligncenter\" title=\"TAGADA JONES - WATTS \u00c0 BAR 2018\" src=\"http:\/\/lamagicbox.com\/magazine\/wp-content\/uploads\/2018\/09\/TAGADA-JONES-WATTS-\u00c0-BAR-2018.jpg\" alt=\"TAGADA JONES - WATTS \u00c0 BAR 2018\" width=\"500\" height=\"374\" srcset=\"https:\/\/lamagicbox.com\/magazine\/wp-content\/uploads\/2018\/09\/TAGADA-JONES-WATTS-\u00c0-BAR-2018.jpg 500w, https:\/\/lamagicbox.com\/magazine\/wp-content\/uploads\/2018\/09\/TAGADA-JONES-WATTS-\u00c0-BAR-2018-201x150.jpg 201w, https:\/\/lamagicbox.com\/magazine\/wp-content\/uploads\/2018\/09\/TAGADA-JONES-WATTS-\u00c0-BAR-2018-401x300.jpg 401w\" sizes=\"auto, (max-width: 500px) 100vw, 500px\" \/><\/p>\n<p><strong><span style=\"text-decoration: underline;\">Tagada Jones<\/span>\u00a0:<\/strong><\/p>\n<p>Niko au chant et \u00e0 la guitare.<br \/>Stef \u00e0 la guitare.<br \/>Waner \u00e0 la basse.<br \/>Job \u00e0 la batterie.<\/p>\n<p><strong><span style=\"text-decoration: underline;\">Tagada Jones<\/span>\u00a0:\u00a0<\/strong><strong><a href=\"https:\/\/www.facebook.com\/tagadajonesofficiel\/?fref=ts\" target=\"_blank\" rel=\"noopener\">Facebook<\/a>\u00a0\/ <a href=\"https:\/\/www.instagram.com\/tagadajones_officiel\/\" target=\"_blank\" rel=\"noopener\">Instagram<\/a> \/\u00a0<a href=\"https:\/\/twitter.com\/nikorage\" target=\"_blank\" rel=\"noopener\">Twitter<\/a>\u00a0\/\u00a0<a href=\"http:\/\/www.tagadajones.com\/new\/fr\/home\" target=\"_blank\" rel=\"noopener\">Site Officiel<\/a><\/strong><\/p>\n<p style=\"text-align: justify;\"><strong><span style=\"text-decoration: underline;\">Les photos de la soir\u00e9e<\/span>\u00a0: <a href=\"https:\/\/www.facebook.com\/1386534708235705\/photos\/?tab=album&amp;album_id=2046519638903872\" target=\"_blank\" rel=\"noopener\">ici<\/a>.<\/strong><\/p>\n<h2><span lang=\"fr-BE\" style=\"color: #800000;\">NO ONE IS INNOCENT<\/span><\/h2>\n<p style=\"text-align: justify;\">C\u2019est encore un grand moment qui nous attend avec No One Is Innocent !\u00a0Les premiers sons retentissent. Une sir\u00e8ne annonce le d\u00e9but du show, et le groupe d\u00e9barque sur sc\u00e8ne. <em>Bonjour tout le monde ! Watts \u00c0 Bar !!! On est No One Is Innocent et on fait du rock&rsquo;n roll !!!<\/em> Tous r\u00e9unis autour du batteur, le show est lanc\u00e9 avec \u00ab\u00a0\u00c0 La Gloire Du March\u00e9\u00a0\u00bb.\u00a0<em>Merci tout le monde !!! \u00c7a va ?!!\u00a0Faites du bruit, qu\u2019on vous entende un peu !!!<\/em> \u00ab\u00a0Silencio\u00a0\u00bb est encha\u00een\u00e9. <em>Est-ce que les anciens sont l\u00e0 ce soir ?!! Est-ce les kids sont l\u00e0 ce soir ?!!<\/em> Nous avons alors droit \u00e0 \u00ab\u00a0Kids Are On The Run\u00a0\u00bb ! La foule saute et claque des mains. Le groupe re\u00e7oit une ovation pour cette performance hors norme. <em>Merci beaucoup !!!<\/em> Nous poursuivons avec \u00ab\u00a0Desperado\u00a0\u00bb. Quelle \u00e9nergie encore une fois !!! <em>\u00c7a commence \u00e0 transpirer un peu ?!!<\/em>\u00a0\u00ab\u00a0Ali (King Of The Ring)\u00a0\u00bb est envoy\u00e9 tel un uppercut. Le groupe re\u00e7oit encore une ovation. Nous reconnaissons ensuite les premi\u00e8res notes de \u00ab\u00a0Nomenklatura\u00a0\u00bb. <em>Watts \u00c0 Bar !!! Est-ce que vous \u00eates avec nous ?!!<\/em>\u00a0Le public se met \u00e0 chanter <em>la jeunesse emmerde le front national&#8230;<\/em> <em>Pour ceux qui nous connaissent depuis un moment, voici du grand canyon au Yemen&#8230; \u00ab\u00a0La Peau\u00a0\u00bb est la m\u00eame&#8230;<\/em> C&rsquo;est de la pure folie. Nous avons droit \u00e0 un solo de Shanka \u00e0 la guitare. Kemar nous annonce ensuite <em>un morceau de la col\u00e8re, un morceau de la rage&#8230;<\/em> C\u2019est \u00ab\u00a0Bullet In The Head\u00a0\u00bb de\u00a0Rage Against The Machine. C\u2019est chaud bouillant sous le chapiteau !!! Nous poursuivons avec \u00ab\u00a0Liar (Machine \u00c0 R\u00eaver)\u00a0\u00bb et \u00ab\u00a020 Ans\u00a0\u00bb.\u00a0<em>Pour nos potes de Charlie Hebdo qui sont partis&#8230;<\/em> Niko, de\u00a0Tagada Jones, les rejoint pour \u00ab\u00a0Charlie\u00a0\u00bb. Apr\u00e8s avoir pr\u00e9sent\u00e9 toute l&rsquo;\u00e9quipe, No One Is Innocent termine avec <em>un morceau \u00e0 propos de la r\u00e9sistance Chilienne<\/em> : \u00ab\u00a0Chile\u00a0\u00bb. <em>Vous pouvez faire du bruit pour vous !!! Faites du bruit pour l\u2019organisation de Watts \u00c0 Bar !!! Merci beaucoup !!!<\/em>\u00a0Le groupe vient saluer le public au pied de la sc\u00e8ne et finit par quitter le chapiteau. Quel grand moment !<\/p>\n<p style=\"text-align: justify;\"><img loading=\"lazy\" decoding=\"async\" class=\"size-full wp-image-21402 aligncenter\" title=\"NO ONE IS INNOCENT - WATTS \u00c0 BAR 2018\" src=\"http:\/\/lamagicbox.com\/magazine\/wp-content\/uploads\/2018\/09\/NO-ONE-IS-INNOCENT-WATTS-\u00c0-BAR-2018.jpg\" alt=\"NO ONE IS INNOCENT - WATTS \u00c0 BAR 2018\" width=\"500\" height=\"376\" srcset=\"https:\/\/lamagicbox.com\/magazine\/wp-content\/uploads\/2018\/09\/NO-ONE-IS-INNOCENT-WATTS-\u00c0-BAR-2018.jpg 500w, https:\/\/lamagicbox.com\/magazine\/wp-content\/uploads\/2018\/09\/NO-ONE-IS-INNOCENT-WATTS-\u00c0-BAR-2018-199x150.jpg 199w, https:\/\/lamagicbox.com\/magazine\/wp-content\/uploads\/2018\/09\/NO-ONE-IS-INNOCENT-WATTS-\u00c0-BAR-2018-399x300.jpg 399w\" sizes=\"auto, (max-width: 500px) 100vw, 500px\" \/><\/p>\n<p><strong><span style=\"text-decoration: underline;\">No One Is Innocent<\/span>\u00a0:<\/strong><\/p>\n<p align=\"justify\">Kemar au chant.<br \/>Shanka \u00e0 la guitare.<br \/>Bertrand \u00e0 la basse.<br \/>Ga\u00ebl \u00e0 la batterie.<br \/>Popy \u00e0 la guitare.<\/p>\n<p><strong><span style=\"text-decoration: underline;\">No One Is Innocent<\/span>\u00a0:\u00a0<a href=\"https:\/\/www.facebook.com\/nooneisinnocentofficiel\/?fref=ts\" target=\"_blank\" rel=\"noopener\">Facebook<\/a>\u00a0\/\u00a0<a href=\"https:\/\/www.instagram.com\/no_one_is_innocent_official\/\" target=\"_blank\" rel=\"noopener\">Instagram<\/a> \/\u00a0<a href=\"https:\/\/twitter.com\/NoOneIsOfficial?lang=fr\" target=\"_blank\" rel=\"noopener\">Twitter<\/a>\u00a0\/\u00a0<a href=\"http:\/\/www.nooneisinnocent.net\/\" target=\"_blank\" rel=\"noopener\">Site Officiel<\/a><\/strong><\/p>\n<p style=\"text-align: justify;\"><strong><span style=\"text-decoration: underline;\">Les photos de la soir\u00e9e<\/span>\u00a0: <a href=\"https:\/\/www.facebook.com\/1386534708235705\/photos\/?tab=album&amp;album_id=2046510415571461\" target=\"_blank\" rel=\"noopener\">ici<\/a>.<\/strong><\/p>\n<h2><span lang=\"fr-BE\" style=\"color: #800000;\">ULTRA VOMIT<\/span><\/h2>\n<p style=\"text-align: justify;\">Le temps de faire les balances, et c\u2019est parti pour le heavy metal parodique d&rsquo;Ultra Vomit. Initialement aux influences grindcore, le groupe est originaire de Nantes. Les morceaux propos\u00e9s contiennent g\u00e9n\u00e9ralement des paroles humoristiques, influenc\u00e9es par le monde des dessins anim\u00e9s, de la publicit\u00e9 et de la culture populaire. Les protagonistes font leur entr\u00e9e sur sc\u00e8ne sur les th\u00e8mes de \u00ab\u00a0Looney Tunes\u00a0\u00bb et \u00ab\u00a0Fort Boyard\u00a0\u00bb. <em>Bar Le Duc !!! Bonsoir \u00e0 tous !!! Nous sommes Ultra Vomit !!!<\/em> C&rsquo;est avec \u00ab\u00a0Darry Cowl Chamber\u00a0\u00bb que le set est lanc\u00e9, avant de nous apprendre \u00ab\u00a0Les Bonnes Mani\u00e8res\u00a0\u00bb. <em>Est-ce que tout le monde est r\u00e9ceptif\u00a0\u00e0 la puissance du metal ?!!<\/em> <em>La prochaine est d\u00e9di\u00e9e \u00e0 Tagada Jones ! Vous savez ce qu&rsquo;est un chien ?!! Vous savez ce qu&rsquo;est un g\u00e9ant ?!!<\/em> Niko vient chanter sur ce morceau : \u00ab\u00a0Un Chien G\u00e9ant\u00a0\u00bb.\u00a0Le show se poursuit avec \u00ab\u00a0E-TRON (Digital Caca)\u00a0\u00bb et \u00ab\u00a0Mechanical Chiwawa\u00a0\u00bb. Nous nous retrouvons face \u00e0 la mer avec \u00ab\u00a0Calojira\u00a0\u00bb, la superbe reprise de Calogero, version metal. La d\u00e9connade se poursuit avec\u00a0\u00a0\u00ab\u00a0Takoyaki\u00a0\u00bb et \u00ab\u00a0Boulangerie P\u00e2tisserie\u00a0\u00bb. \u00ab\u00a0Super Sexe\u00a0\u00bb est ensuite annonc\u00e9, suivi de \u00ab\u00a0I Like To Vomit\u00a0\u00bb. Apr\u00e8s avoir pr\u00e9sent\u00e9 les\u00a0techniciens, le groupe s\u00e9pare le public en 2 <em>pour un mur de chiasse<\/em>. S&rsquo;encha\u00eenent alors : \u00ab\u00a0Pipi VS Caca\u00a0\u00bb, \u00ab\u00a0Outro\u00a0\u00bb et \u00ab\u00a0Je Collectionne Des Canards (Vivants)\u00a0\u00bb. Nous avons droit \u00e0 des confettis, des plumes et un invit\u00e9 surprise d\u00e9guis\u00e9 en canard.\u00a0<em>Merci Bar Le Duc !!! Vous \u00eates des malades !!! Merci \u00e0 tous !!! Bonne fin de soir\u00e9e !!!<\/em> Le groupe quitte la sc\u00e8ne, et apr\u00e8s un rappel chaleureux, fait son retour avec \u00ab\u00a0Kammthaar\u00a0\u00bb, \u00ab\u00a0Quand J&rsquo;\u00c9tais Petit (feat. Lemmy)\u00a0\u00bb et \u00ab\u00a0\u00c9vier Metal\u00a0\u00bb.\u00a0Ultra Vomit salue le public et prend une petite photo souvenir avant de quitter d\u00e9finitivement la sc\u00e8ne. Un tr\u00e8s bon moment, et s\u00e9rieux s&rsquo;abstenir !<\/p>\n<p style=\"text-align: justify;\"><img loading=\"lazy\" decoding=\"async\" class=\"size-full wp-image-21403 aligncenter\" title=\"ULTRA VOMIT - WATTS \u00c0 BAR 2018\" src=\"http:\/\/lamagicbox.com\/magazine\/wp-content\/uploads\/2018\/09\/ULTRA-VOMIT-WATTS-\u00c0-BAR-2018.jpg\" alt=\"ULTRA VOMIT - WATTS \u00c0 BAR 2018\" width=\"500\" height=\"374\" srcset=\"https:\/\/lamagicbox.com\/magazine\/wp-content\/uploads\/2018\/09\/ULTRA-VOMIT-WATTS-\u00c0-BAR-2018.jpg 500w, https:\/\/lamagicbox.com\/magazine\/wp-content\/uploads\/2018\/09\/ULTRA-VOMIT-WATTS-\u00c0-BAR-2018-201x150.jpg 201w, https:\/\/lamagicbox.com\/magazine\/wp-content\/uploads\/2018\/09\/ULTRA-VOMIT-WATTS-\u00c0-BAR-2018-401x300.jpg 401w\" sizes=\"auto, (max-width: 500px) 100vw, 500px\" \/><\/p>\n<p><strong><span style=\"text-decoration: underline;\">Ultra Vomit<\/span>\u00a0:<\/strong><\/p>\n<p>Nicolas \u00ab Fetus \u00bb Patra au chant et \u00e0 la guitare.<br \/>Emmanuel \u00ab Manard \u00bb Colombier \u00e0 la batterie.<br \/>Fabien \u00ab Flockos \u00bb Le Floch \u00e0 la guitare.<br \/>Matthieu Bausson \u00e0 la basse.<\/p>\n<p><strong><span style=\"text-decoration: underline;\">Ultra Vomit<\/span>\u00a0:\u00a0<a href=\"https:\/\/www.facebook.com\/ultravomitofficiel\/\" target=\"_blank\" rel=\"noopener\">Facebook<\/a>\u00a0\/\u00a0<a href=\"https:\/\/www.instagram.com\/ultravomitofficiel\/\" target=\"_blank\" rel=\"noopener\">Instagram<\/a>\u00a0\/ <a href=\"https:\/\/twitter.com\/TrueUltraVomit?lang=fr\" target=\"_blank\" rel=\"noopener\">Twitter<\/a>\u00a0\/\u00a0<a href=\"http:\/\/www.youtube.com\/UltraVomitOfficiel\" target=\"_blank\" rel=\"noopener\">Youtube<\/a> \/\u00a0<a href=\"http:\/\/www.ultra-vomit.com\/\" target=\"_blank\" rel=\"noopener\">Site Officiel<\/a><\/strong><\/p>\n<p style=\"text-align: justify;\"><strong><span style=\"text-decoration: underline;\">Les photos de la soir\u00e9e<\/span>\u00a0: <a href=\"https:\/\/www.facebook.com\/1386534708235705\/photos\/?tab=album&amp;album_id=2046524615570041\" target=\"_blank\" rel=\"noopener\">ici<\/a>.<\/strong><\/p>\n<h2><span lang=\"fr-BE\" style=\"color: #800000;\">LA PHAZE<\/span><\/h2>\n<p style=\"text-align: justify;\">C&rsquo;est avec La Phaze que nous terminons cette belle soir\u00e9e. Apr\u00e8s une mise en sommeil fin 2012, le temps est venu pour La Phaze de ressaisir le micro, rallumer les amplis, rebrancher les machines pour reprendre du service, guid\u00e9 par l\u2019image d\u2019un monde qui avance trop vite sans prendre le temps de regarder dans quelle direction. Prendre le temps, c\u2019est justement ce qu\u2019ont pu faire Arnaud et Damny durant les 5 derni\u00e8res ann\u00e9es. Prendre le temps de cr\u00e9er, d\u2019observer ce monde hyper-connect\u00e9 et hyper-cloisonn\u00e9. Comme une \u00e9vidence, le moment est donc venu de reprendre la parole. Le duo se retrouve en studio et se remet \u00e0 composer, se surprenant m\u00eame \u00e0 retrouver la fluidit\u00e9 et l\u2019\u00e9vidence de ses d\u00e9buts. L\u2019inspiration est l\u00e0, les nouvelles compos sont r\u00e9solument modernes, tout en gardant la patte si particuli\u00e8re du groupe. La formation est ce soir sur la sc\u00e8ne du Watts \u00c0 Bar.\u00a0Les premiers sons se font entendre.<em> Bar Le Duc !!! Y\u2019a du monde ou quoi ?!!<\/em> Le public est invit\u00e9 \u00e0 s\u2019approcher, et le set est lanc\u00e9 avec \u00ab\u00a0The Battle\u00a0\u00bb. L&rsquo;encha\u00eenement est fait avec \u00ab\u00a0R.A.S.\u00a0\u00bb\u00a0 et \u00ab\u00a0Devil Game\u00a0\u00bb.\u00a0<em>On va voir si vous vous souvenez des paroles&#8230; \u00c7a fait un bail qu\u2019on n\u2019est pas venu dans l\u2019Est. Voici une nouvelle chanson : \u00ab\u00a0Sourire Au Teint De Glace\u00a0\u00bb !<\/em>\u00a0Le show se poursuit avec \u00ab\u00a0Johnny Jamma\u00a0\u00bb et \u00ab\u00a0Inside My Brain\u00a0\u00bb qui nous emm\u00e8nent petit \u00e0 petit \u00e0 la fin de soir\u00e9e. Et quelle belle soir\u00e9e ! Un grand merci \u00e0 l&rsquo;Association Be Real et \u00e0 toutes les personnes qui nous ont fait vivre ce superbe moment !<\/p>\n<p style=\"text-align: justify;\"><img loading=\"lazy\" decoding=\"async\" class=\"size-full wp-image-21404 aligncenter\" title=\"LA PHAZE - WATTS \u00c0 BAR 2018\" src=\"http:\/\/lamagicbox.com\/magazine\/wp-content\/uploads\/2018\/09\/LA-PHAZE-WATTS-\u00c0-BAR-2018.jpg\" alt=\"LA PHAZE - WATTS \u00c0 BAR 2018\" width=\"500\" height=\"378\" srcset=\"https:\/\/lamagicbox.com\/magazine\/wp-content\/uploads\/2018\/09\/LA-PHAZE-WATTS-\u00c0-BAR-2018.jpg 500w, https:\/\/lamagicbox.com\/magazine\/wp-content\/uploads\/2018\/09\/LA-PHAZE-WATTS-\u00c0-BAR-2018-198x150.jpg 198w, https:\/\/lamagicbox.com\/magazine\/wp-content\/uploads\/2018\/09\/LA-PHAZE-WATTS-\u00c0-BAR-2018-397x300.jpg 397w\" sizes=\"auto, (max-width: 500px) 100vw, 500px\" \/><\/p>\n<p style=\"text-align: justify;\"><strong><span style=\"text-decoration: underline;\">La Phaze<\/span>\u00a0:<\/strong><\/p>\n<p style=\"text-align: justify;\">Damny.<br \/>Arnaud.<br \/>Speaker Louis.<\/p>\n<p style=\"text-align: justify;\"><strong><span style=\"text-decoration: underline;\">La Phaze<\/span>\u00a0:\u00a0<a href=\"https:\/\/www.facebook.com\/laphaze\" target=\"_blank\" rel=\"noopener\">Facebook<\/a>\u00a0\/\u00a0<a href=\"https:\/\/twitter.com\/laphaze\" target=\"_blank\" rel=\"noopener\">Twitter<\/a><\/strong><\/p>\n<p style=\"text-align: justify;\"><strong><span style=\"text-decoration: underline;\">Les photos de la soir\u00e9e<\/span>\u00a0: <a href=\"https:\/\/www.facebook.com\/1386534708235705\/photos\/?tab=album&amp;album_id=2046507682238401\" target=\"_blank\" rel=\"noopener\">ici<\/a>.<\/strong><\/p>\n<p><strong><span style=\"text-decoration: underline;\">Watts \u00c0 Bar<\/span>\u00a0:\u00a0<\/strong><strong><a href=\"https:\/\/www.facebook.com\/wattsabar?fref=ts\" target=\"_blank\" rel=\"noopener\">Facebook<\/a>\u00a0\/ <a href=\"https:\/\/www.instagram.com\/wattsabarfestival\/\" target=\"_blank\" rel=\"noopener\">Instagram<\/a> \/\u00a0<a href=\"https:\/\/twitter.com\/WattsaBar?lang=fr\" target=\"_blank\" rel=\"noopener\">Twitter<\/a>\u00a0\/\u00a0<a href=\"https:\/\/www.wattsabar.fr\/\" target=\"_blank\" rel=\"noopener\">Site Officiel<\/a><\/strong><\/p>\n<p><span style=\"text-decoration: underline;\">Photos<\/span> : Fabrice A.<\/p>\n<hr \/>\n<p><\/p>\n<!--themify_builder_content-->\n<div id=\"themify_builder_content-21384\" data-postid=\"21384\" class=\"themify_builder_content themify_builder_content-21384 themify_builder tf_clear\">\n    <\/div>\n<!--\/themify_builder_content-->","protected":false},"excerpt":{"rendered":"<p>Watts \u00c0 Bar Le 31 Ao\u00fbt 2018 Bar Le Duc (55) Notre avis\u00a0: [star rating=\u00a0\u00bb5&Prime; max=\u00a0\u00bb5&Prime;] Nous avons eu droit \u00e0 une ambiance de feu pour cette premi\u00e8re soir\u00e9e de la 8\u00e8me \u00e9dition du festival Watts \u00c0 Bar. Sous les auspices du punk, du rock et du metal, le\u00a0chapiteau \u00e9tait plein \u00e0 craquer, avec au [&hellip;]<\/p>\n","protected":false},"author":4,"featured_media":21422,"comment_status":"open","ping_status":"open","sticky":false,"template":"","format":"standard","meta":{"footnotes":""},"categories":[58,53],"tags":[2098,513,2100,395,165,2099,508],"class_list":["post-21384","post","type-post","status-publish","format-standard","has-post-thumbnail","hentry","category-reportage-festival","category-reportages","tag-adam","tag-bar-le-duc","tag-la-phaze","tag-no-one-is-innocent","tag-tagada-jones","tag-ultra-vomit","tag-watts-a-bar","has-post-title","has-post-date","has-post-category","has-post-tag","has-post-comment","has-post-author",""],"builder_content":"","_links":{"self":[{"href":"https:\/\/lamagicbox.com\/magazine\/wp-json\/wp\/v2\/posts\/21384","targetHints":{"allow":["GET"]}}],"collection":[{"href":"https:\/\/lamagicbox.com\/magazine\/wp-json\/wp\/v2\/posts"}],"about":[{"href":"https:\/\/lamagicbox.com\/magazine\/wp-json\/wp\/v2\/types\/post"}],"author":[{"embeddable":true,"href":"https:\/\/lamagicbox.com\/magazine\/wp-json\/wp\/v2\/users\/4"}],"replies":[{"embeddable":true,"href":"https:\/\/lamagicbox.com\/magazine\/wp-json\/wp\/v2\/comments?post=21384"}],"version-history":[{"count":3,"href":"https:\/\/lamagicbox.com\/magazine\/wp-json\/wp\/v2\/posts\/21384\/revisions"}],"predecessor-version":[{"id":38975,"href":"https:\/\/lamagicbox.com\/magazine\/wp-json\/wp\/v2\/posts\/21384\/revisions\/38975"}],"wp:featuredmedia":[{"embeddable":true,"href":"https:\/\/lamagicbox.com\/magazine\/wp-json\/wp\/v2\/media\/21422"}],"wp:attachment":[{"href":"https:\/\/lamagicbox.com\/magazine\/wp-json\/wp\/v2\/media?parent=21384"}],"wp:term":[{"taxonomy":"category","embeddable":true,"href":"https:\/\/lamagicbox.com\/magazine\/wp-json\/wp\/v2\/categories?post=21384"},{"taxonomy":"post_tag","embeddable":true,"href":"https:\/\/lamagicbox.com\/magazine\/wp-json\/wp\/v2\/tags?post=21384"}],"curies":[{"name":"wp","href":"https:\/\/api.w.org\/{rel}","templated":true}]}}