{"id":21235,"date":"2018-09-03T18:30:27","date_gmt":"2018-09-03T16:30:27","guid":{"rendered":"http:\/\/lamagicbox.com\/magazine\/?p=21235"},"modified":"2018-08-24T16:34:23","modified_gmt":"2018-08-24T14:34:23","slug":"fred-nevche-valdevaqueros","status":"publish","type":"post","link":"https:\/\/lamagicbox.com\/magazine\/fred-nevche-valdevaqueros\/","title":{"rendered":"Fred Nevch\u00e9 &#8211; Valdevaqueros"},"content":{"rendered":"<p><span style=\"color: #800000;\"><strong>2018 \u2013\u00a0 13\u00a0titres &#8211; 44&rsquo;14<br \/>\n<\/strong><\/span><em><strong>Label :\u00a0<\/strong><\/em><a href=\"http:\/\/www.internexterne.org\/le-label-accompagnement-dartistes\/nevche\/\" target=\"_blank\">Internexterne<\/a>\u00a0\/\u00a0L\u2019Autre Distribution \/ IDOL<br \/>\n<strong><em>Style\u00a0:\u00a0<\/em><\/strong><em>\u00a0<\/em>\u00a0\u00bb\u00a0entre rock, slam, electronica et chanson \u00a0\u00bb<br \/>\n<strong><em>Origine\u00a0:<\/em><\/strong>\u00a0France, Provence-Alpes-C\u00f4te d&rsquo;Azur, Marseille (13)<br \/>\n<em><strong>Date de sortie de l&rsquo;album :\u00a0<\/strong><\/em>21 septembre\u00a02018<\/p>\n<p style=\"text-align: right;\"><strong>Notre avis : [star rating=\u00a0\u00bb3.5&Prime; max=\u00a0\u00bb5&Prime;]<\/strong><\/p>\n<p style=\"text-align: right;\">\n<hr \/>\n<p style=\"text-align: right;\"><em><strong>par Mike S.<br \/>\n<\/strong><\/em><\/p>\n<p style=\"text-align: justify;\"><em><strong>Fr\u00e9d\u00e9ric Nevchehirlian, alias Nevch\u00e9, arrive \u00e0 la rentr\u00e9e avec \u00ab\u00a0Valdevaqueros\u00a0\u00bb, son troisi\u00e8me album. Peu connu, alors m\u00eame qu&rsquo;il est parvenu \u00e0 \u00e9couler pr\u00e8s de 20.000 albums des deux pr\u00e9c\u00e9dents, il a d\u00e9j\u00e0 400 concerts \u00e0 son actif. Professeur de fran\u00e7ais de formation, Nevch\u00e9 imagine ses albums comme des espaces de libert\u00e9 o\u00f9 il peut exprimer son go\u00fbt pour les mots.\u00a0<\/strong><\/em><\/p>\n<p style=\"text-align: justify;\">C&rsquo;est\u00a0entre le Qu\u00e9bec, Casablanca et Marseille, que le chanteur a imagin\u00e9, \u00e9crit et enregistr\u00e9 ce disque qui porte le nom d&rsquo;une plage paradisiaque d\u2019Andalousie. Il n&rsquo;en fallait pas plus \u00e0 mon imagination pour se laisser porter par les ambiances low-fi r\u00eaveuses et m\u00e9lancoliques de fin d&rsquo;\u00e9t\u00e9. Entre sable fin et nappes \u00e9lectroniques hypnotiques, il y a des textes contemplatifs en rapport \u00e9troit avec le monde qui nous entoure et la solitude\u00a0(<em>L&rsquo;Autoroute, L&rsquo;Oc\u00e9an, \u00a0Valdevaqueros, Le besoin de la nuit<\/em>). Et il y a aussi une \u00e9criture tr\u00e8s personnelle (<em>Je naviguais vers mon R\u00eave, Si tu vas,\u00a0Je ne te quitte pas&#8230;<\/em> ) qui nous conduit vers l&rsquo;intime et lie irr\u00e9m\u00e9diablement l&rsquo;auteur \u00e0 l\u2019interpr\u00e8te, l&rsquo;interpr\u00e8te \u00e0 l&rsquo;auditeur.<\/p>\n<p style=\"text-align: center;\"><iframe loading=\"lazy\" src=\"https:\/\/www.youtube.com\/embed\/hWzcEP9CzTI\" width=\"450\" height=\"250\" frameborder=\"0\" allowfullscreen=\"allowfullscreen\"><\/iframe><\/p>\n<p style=\"text-align: justify;\">Avec son style nonchalant, il augmente cette sensation de proximit\u00e9, en interpr\u00e9tant ses textes \u00e0 sa fa\u00e7on, ce parler-chanter qu&rsquo;on d\u00e9finit aujourd&rsquo;hui rapidement comme du slam, et qu&rsquo;il d\u00e9laisse juste le temps des refrains, comme sur\u00a0<em>Moi je r\u00eave de Johnny souvent<\/em>, qui prend des airs insulaires et dansants. Un titre qu&rsquo;on retrouve dans un moyen m\u00e9trage de\u00a0Vittorio BETTINI dans une version extended et\u00a0encore plus low-fi.<\/p>\n<p style=\"text-align: justify;\">Ou encore sur\u00a0<em>Valdevaqueros<\/em>, le titre le plus chant\u00e9 de l&rsquo;ensemble, mais qui laisse plus d&rsquo;espace \u00e0 la musique, \u00e9lectronique, qu&rsquo;on pourrait imagin\u00e9e \u00e9crite par <strong>Vangelis<\/strong> pour un nouveau volet de Blade Runner&#8230; Plut\u00f4t insolite, finalement, au milieu de cet album mais tout aussi contemplatif que les autres titres. Autre titre, \u00e0 contre-courant des autres, <em>Si tu vas<\/em> nous conduit dans une orchestration vocale travaill\u00e9e \u00e0 la mani\u00e8re de <strong>Camille<\/strong> ou <strong>Bjork<\/strong>, lors de leur travaux a <em>capela <\/em>(on retrouve ce travail vocal aussi sur <em>Je naviguais vers mon r\u00eave<\/em>). Sur\u00a0<em>L&rsquo;amour est All\u00e9 voir ailleurs<\/em>, il explore des lieux communs, mais il le fait avec simplicit\u00e9 et pudeur, et avec la m\u00eame po\u00e9sie des mots que sur le titre pr\u00e9c\u00e9dent,\u00a0<em>Valdevaqueros.\u00a0<\/em><\/p>\n<p style=\"text-align: justify;\">Dans la veine d&rsquo;un <strong>Bertrand Betsch<\/strong> ou d&rsquo;une <strong>Fran\u00e7oiz Breut<\/strong>, ce nouvel album de\u00a0<strong>Fred Nevch\u00e9<\/strong> est un v\u00e9ritable petit bijou, une toute petite perle, discr\u00e8te, dans cet oc\u00e9an de sorties de la rentr\u00e9e&#8230; Il ne tient qu&rsquo;\u00e0 vous maintenant de lui donner tout l&rsquo;\u00e9clat qu&rsquo;il m\u00e9rite&#8230;<\/p>\n<p><b><\/b><\/p>\n<hr \/>\n<p><a href=\"http:\/\/www.nevchehirlian.com\/\" target=\"_blank\">Site officiel<\/a>\u00a0\/ <a href=\"https:\/\/www.facebook.com\/frederic.nevchehirlian?ref=br_rs\" target=\"_blank\">Facebook<\/a><\/p>\n<p>Le Film : <a href=\"https:\/\/youtu.be\/vLudxbHH36c\" target=\"_blank\">Decibel<\/a><\/p>\n<p><em><strong>Tracklist :\u00a0<\/strong><\/em><br \/>\n1. L&rsquo;autoroute &#8211; 3&rsquo;52<br \/>\n2. P\u00e9n\u00e9lope &#8211; 4&rsquo;27<br \/>\n3. Interlude 1 &#8211; 0&rsquo;45<br \/>\n4. L&rsquo;oc\u00e9an &#8211; 4&rsquo;13<br \/>\n5. Le Besoin De La Nuit &#8211; 4&rsquo;38<br \/>\n6. L&rsquo;amour Est All\u00e9 Voir Ailleurs &#8211; 3&rsquo;58<br \/>\n7. Valdevaqueros &#8211; 7&rsquo;36<br \/>\n8. Interlude 2 &#8211; 0&rsquo;52<br \/>\n9. Je Naviguais Vers Mon R\u00eave &#8211; 2&rsquo;21<br \/>\n10. Si Tu Vas &#8211; 3&rsquo;28<br \/>\n11. Je Ne Te Quitte Pas &#8211; 3&rsquo;38<br \/>\n12. Si Tu Crois Qu&rsquo;on Fuit &#8211; 0&rsquo;55<br \/>\n13. Moi Je R\u00eave De Johnny Souvent &#8211; 3&rsquo;31<\/p>\n<p style=\"text-align: center;\"><em>En Concert au Point EPH\u00c9M\u00c8RE le 11 d\u00e9cembre 2018<\/em><\/p>\n<p style=\"text-align: center;\"><iframe loading=\"lazy\" src=\"https:\/\/www.youtube.com\/embed\/hw-VbRtLDNw\" width=\"450\" height=\"250\" frameborder=\"0\" allowfullscreen=\"allowfullscreen\"><\/iframe><\/p>\n<!--themify_builder_content-->\n<div id=\"themify_builder_content-21235\" data-postid=\"21235\" class=\"themify_builder_content themify_builder_content-21235 themify_builder tf_clear\">\n    <\/div>\n<!--\/themify_builder_content-->\n","protected":false},"excerpt":{"rendered":"<p>2018 \u2013\u00a0 13\u00a0titres &#8211; 44&rsquo;14 Label :\u00a0Internexterne\u00a0\/\u00a0L\u2019Autre Distribution \/ IDOL Style\u00a0:\u00a0\u00a0\u00a0\u00bb\u00a0entre rock, slam, electronica et chanson \u00a0\u00bb Origine\u00a0:\u00a0France, Provence-Alpes-C\u00f4te d&rsquo;Azur, Marseille (13) Date de sortie de l&rsquo;album :\u00a021 septembre\u00a02018 Notre avis : [star rating=\u00a0\u00bb3.5&Prime; max=\u00a0\u00bb5&Prime;] par Mike S. Fr\u00e9d\u00e9ric Nevchehirlian, alias Nevch\u00e9, arrive \u00e0 la rentr\u00e9e avec \u00ab\u00a0Valdevaqueros\u00a0\u00bb, son troisi\u00e8me album. Peu connu, alors m\u00eame [&hellip;]<\/p>\n","protected":false},"author":1,"featured_media":21236,"comment_status":"open","ping_status":"open","sticky":false,"template":"","format":"standard","meta":{"footnotes":""},"categories":[39],"tags":[],"class_list":["post-21235","post","type-post","status-publish","format-standard","has-post-thumbnail","hentry","category-albums-francais","has-post-title","has-post-date","has-post-category","has-post-tag","has-post-comment","has-post-author",""],"builder_content":"","_links":{"self":[{"href":"https:\/\/lamagicbox.com\/magazine\/wp-json\/wp\/v2\/posts\/21235","targetHints":{"allow":["GET"]}}],"collection":[{"href":"https:\/\/lamagicbox.com\/magazine\/wp-json\/wp\/v2\/posts"}],"about":[{"href":"https:\/\/lamagicbox.com\/magazine\/wp-json\/wp\/v2\/types\/post"}],"author":[{"embeddable":true,"href":"https:\/\/lamagicbox.com\/magazine\/wp-json\/wp\/v2\/users\/1"}],"replies":[{"embeddable":true,"href":"https:\/\/lamagicbox.com\/magazine\/wp-json\/wp\/v2\/comments?post=21235"}],"version-history":[{"count":0,"href":"https:\/\/lamagicbox.com\/magazine\/wp-json\/wp\/v2\/posts\/21235\/revisions"}],"wp:featuredmedia":[{"embeddable":true,"href":"https:\/\/lamagicbox.com\/magazine\/wp-json\/wp\/v2\/media\/21236"}],"wp:attachment":[{"href":"https:\/\/lamagicbox.com\/magazine\/wp-json\/wp\/v2\/media?parent=21235"}],"wp:term":[{"taxonomy":"category","embeddable":true,"href":"https:\/\/lamagicbox.com\/magazine\/wp-json\/wp\/v2\/categories?post=21235"},{"taxonomy":"post_tag","embeddable":true,"href":"https:\/\/lamagicbox.com\/magazine\/wp-json\/wp\/v2\/tags?post=21235"}],"curies":[{"name":"wp","href":"https:\/\/api.w.org\/{rel}","templated":true}]}}