{"id":19695,"date":"2018-04-10T23:37:40","date_gmt":"2018-04-10T22:37:40","guid":{"rendered":"http:\/\/lamagicbox.com\/magazine\/?p=19695"},"modified":"2018-04-18T20:29:02","modified_gmt":"2018-04-18T19:29:02","slug":"daran-en-concert-au-petit-bain-100418-paris-75","status":"publish","type":"post","link":"https:\/\/lamagicbox.com\/magazine\/daran-en-concert-au-petit-bain-100418-paris-75\/","title":{"rendered":"Daran au Petit Bain &#8211; Paris (75)"},"content":{"rendered":"<h1><span style=\"color: #800000;\">DARAN\u00a0<\/span><em>en concert<br \/>\n<\/em><\/h1>\n<h1 style=\"text-align: right;\"><em>Une carte postale du canada !<\/em><\/h1>\n<p><strong>Date\u00a0:<\/strong>\u00a010 avril 2018<br \/>\n<strong>Style :<\/strong>\u00a0Rock \/\u00a0Chanson<br \/>\n<strong>Lieu\u00a0:<\/strong>\u00a0Le Petit Bain, Paris 13e (75)<\/p>\n<p style=\"text-align: right;\"><strong><strong>Notre avis : [star rating=\u00a0\u00bb4&Prime; max=\u00a0\u00bb5&Prime;]<\/strong><\/strong><\/p>\n<hr \/>\n<p style=\"text-align: right;\"><em>Par\u00a0<strong>Mike S.<\/strong><\/em><\/p>\n<p style=\"text-align: justify;\"><em><strong>Les cheveux ont pouss\u00e9s et ont blanchi, mais la voix est intacte ! Daran, \u00e9migr\u00e9 au Canada depuis 2010, nous envoyait r\u00e9guli\u00e8rement des cartes postales musicales, \u00e0 travers ses albums. Cette fois, il a fait le voyage inverse, pour venir nous jouer son nouvel opus, le temps d&rsquo;une petite tourn\u00e9e fran\u00e7aise. L&rsquo;occasion \u00e9tait trop rare et trop belle, pour ne pas la manquer. C&rsquo;est sur une p\u00e9niche parisienne amar\u00e9e au pied de la Biblioth\u00e8que Francois Mitterrand, appel\u00e9e Le Petit Bain que le groupe a pris ces quartier ce soir. <\/strong><\/em><\/p>\n<p style=\"text-align: justify;\">Sur les coups de 21h, dans une salle comble de 200 ou 250 fans, les musiciens montent sur sc\u00e8ne. En fond de sc\u00e8ne, la batterie affiche sur sa grosse caisse la photo du dernier album, Endorphine. Apr\u00e8s deux titres, Dur \u00e0 cuire et Elle dit, Daran confirme nous confirme : \u00ab\u00a0La premi\u00e8re partie de ce concert va consister \u00e0 vous jouer le nouvel album, dans son int\u00e9gralit\u00e9, dans son jus !\u00a0\u00bb&#8230; Et en effet, il encha\u00eene sur les riffs rev\u00eaches et \u00e9lectrisants de <em>Pauvre \u00e7a rime \u00e0 rien<\/em>.. Une fa\u00e7on de nous dire aussi que, m\u00eame sans ses chaises du d\u00e9but, la musique de Daran a conserv\u00e9 la force et l&rsquo;\u00e9nergie de ses d\u00e9buts, cette musique qui h\u00e9site entre la Chanson et le Rock, sans jamais vraiment vouloir trancher, et se laisser cette libert\u00e9 de franchir le pont qui les s\u00e9pare, quand bon lui semble, le plus souvent en compagnie de son parolier, Pierre-Yves Lebert.<\/p>\n<p style=\"text-align: center;\"><img loading=\"lazy\" decoding=\"async\" class=\"aligncenter size-full wp-image-19739\" title=\"daran-2018-20\" src=\"http:\/\/lamagicbox.com\/magazine\/wp-content\/uploads\/2018\/04\/daran-2018-20.jpg\" alt=\"daran-2018-20\" width=\"500\" height=\"281\" srcset=\"https:\/\/lamagicbox.com\/magazine\/wp-content\/uploads\/2018\/04\/daran-2018-20.jpg 500w, https:\/\/lamagicbox.com\/magazine\/wp-content\/uploads\/2018\/04\/daran-2018-20-267x150.jpg 267w\" sizes=\"auto, (max-width: 500px) 100vw, 500px\" \/><\/p>\n<p style=\"text-align: justify;\">Sur sc\u00e8ne, les accords r\u00e9p\u00e9t\u00e9s et accrocheurs sont jou\u00e9s par Julien Tellier sur une Fender, aid\u00e9e par une miriage de p\u00e9dales plant\u00e9es \u00e0 ses pieds. Quant \u00e0 Daran, lui aussi accompagn\u00e9e d&rsquo;une magnifique guitare, en mosaiques nacr\u00e9es or, avec le double de p\u00e9dales \u00e0 effet, qui prennent leur importances, sur la seconde partie de concert, nous offrant, \u00e0 la virgule pr\u00e8s, le son des albums qui nous ont berc\u00e9 dans les ann\u00e9es 90, au temps des Huit Barr\u00e9, J&rsquo;\u00e9vite le soleil et autre D\u00e9m\u00e9nag\u00e9. Il en extrait ainsi quelques perles, ou plut\u00f4t des madeleines de Proust, tels que <em>Trous noirs<\/em>, <em>D\u00e9m\u00e9nag\u00e9<\/em> ou <em>L\u00e9ger<\/em>.<\/p>\n<p style=\"text-align: justify;\">Tout le monde chante avec Daran, personne n&rsquo;a rien oubli\u00e9. On voudrait bien entendre encore Les Morts le savent, Anatomique ou encore 35 ans \u00e0 Moscou&#8230;. Mais bon, mais \u00e9vident de faire plaisir \u00e0 tout le monde, et de faire rentrer 20 ans de carri\u00e8re en 90 minutes de concert&#8230; Certains y sont pourtant parvenus, des <strong>Nougaro<\/strong>, <strong>Bashung<\/strong> ou <strong>Higelin<\/strong> n&rsquo;h\u00e9sitaient pas \u00e0 jouer 3 heures durant jusqu&rsquo;\u00e0 l&rsquo;\u00e9puisement&#8230; des musiciens ou du public&#8230; \ud83d\ude09<\/p>\n<p style=\"text-align: center;\"><img loading=\"lazy\" decoding=\"async\" class=\"aligncenter size-full wp-image-19741\" title=\"daran-2018-05\" src=\"http:\/\/lamagicbox.com\/magazine\/wp-content\/uploads\/2018\/04\/daran-2018-05.jpg\" alt=\"daran-2018-05\" width=\"500\" height=\"333\" srcset=\"https:\/\/lamagicbox.com\/magazine\/wp-content\/uploads\/2018\/04\/daran-2018-05.jpg 500w, https:\/\/lamagicbox.com\/magazine\/wp-content\/uploads\/2018\/04\/daran-2018-05-225x150.jpg 225w, https:\/\/lamagicbox.com\/magazine\/wp-content\/uploads\/2018\/04\/daran-2018-05-450x300.jpg 450w\" sizes=\"auto, (max-width: 500px) 100vw, 500px\" \/><\/p>\n<p style=\"text-align: justify;\">Ce sera l&rsquo;occasion de le revoir \u00e0 nouveau, et d&rsquo;en redemander un peu plus. En attendant, il nous offre Dormir Dehors, en guise de bouquet final. Mais, ne vous m\u00e9prenez pas, la premi\u00e8re partie du concert a \u00e9t\u00e9 une pure merveille, car Daran a su retrouver le son qui nous avait \u00e9merveill\u00e9 \u00e0 ses d\u00e9buts, le son mais aussi l&rsquo;\u00e9loquence des textes et leur m\u00e9lodicit\u00e9, qui ont permis de passer les d\u00e9cennies, perdues dans notre m\u00e9moire, et d&rsquo;en ressortir intactes en cette ann\u00e9e 2018 !<\/p>\n<p style=\"text-align: justify;\">Je suis pr\u00eat \u00e0 parier que les chansons d&rsquo;Endorphine emprunteront le m\u00eame chemin, avec ces quelques temps forts d\u00e9j\u00e0 identifi\u00e9s, comme Elle Dit, Je repars ou Pauvre \u00e7a rime \u00e0 rien ! Un album que je vous conseille, tout comme le concert, en esp\u00e9rant que le chanteur entamera une tourn\u00e9e plus longue, la prochaine fois !<\/p>\n<p style=\"text-align: center;\"><img loading=\"lazy\" decoding=\"async\" class=\"aligncenter size-full wp-image-19744\" title=\"daran-2018-00\" src=\"http:\/\/lamagicbox.com\/magazine\/wp-content\/uploads\/2018\/04\/daran-2018-00.jpg\" alt=\"daran-2018-00\" width=\"500\" height=\"310\" srcset=\"https:\/\/lamagicbox.com\/magazine\/wp-content\/uploads\/2018\/04\/daran-2018-00.jpg 500w, https:\/\/lamagicbox.com\/magazine\/wp-content\/uploads\/2018\/04\/daran-2018-00-242x150.jpg 242w, https:\/\/lamagicbox.com\/magazine\/wp-content\/uploads\/2018\/04\/daran-2018-00-484x300.jpg 484w\" sizes=\"auto, (max-width: 500px) 100vw, 500px\" \/><\/p>\n<p style=\"text-align: justify;\"><a href=\"https:\/\/www.facebook.com\/daran.officiel\/\" target=\"_blank\">Facebook<\/a>\u00a0\/\u00a0<a href=\"http:\/\/endorphine.daran.ca\/\" target=\"_blank\">Site officiel<\/a><\/p>\n<p style=\"text-align: justify;\"><em><strong>Setlist :<br \/>\n<\/strong><\/em>Int\u00e9grale du nouvel album Endorphine + 6 ou 7 titres pioch\u00e9s dans le r\u00e9pertoire.<\/p>\n<p style=\"text-align: justify;\"><i><strong>\u00a0A lire :\u00a0<\/strong><br \/>\n<\/i><a href=\"http:\/\/lamagicbox.com\/magazine\/?p=18710\" target=\"_blank\">La chronique d&rsquo;Endorphine<\/a><\/p>\n<!--themify_builder_content-->\n<div id=\"themify_builder_content-19695\" data-postid=\"19695\" class=\"themify_builder_content themify_builder_content-19695 themify_builder tf_clear\">\n    <\/div>\n<!--\/themify_builder_content-->\n","protected":false},"excerpt":{"rendered":"<p>DARAN\u00a0en concert Une carte postale du canada ! Date\u00a0:\u00a010 avril 2018 Style :\u00a0Rock \/\u00a0Chanson Lieu\u00a0:\u00a0Le Petit Bain, Paris 13e (75) Notre avis : [star rating=\u00a0\u00bb4&Prime; max=\u00a0\u00bb5&Prime;] Par\u00a0Mike S. Les cheveux ont pouss\u00e9s et ont blanchi, mais la voix est intacte ! Daran, \u00e9migr\u00e9 au Canada depuis 2010, nous envoyait r\u00e9guli\u00e8rement des cartes postales musicales, \u00e0 [&hellip;]<\/p>\n","protected":false},"author":1,"featured_media":19737,"comment_status":"open","ping_status":"open","sticky":false,"template":"","format":"standard","meta":{"footnotes":""},"categories":[57],"tags":[1871,1786,1872,1873,1874,1870],"class_list":["post-19695","post","type-post","status-publish","format-standard","has-post-thumbnail","hentry","category-reportage-concert","tag-canada","tag-daran","tag-daran-et-les-chaises","tag-demenage","tag-dormir-dehors","tag-endorphine","has-post-title","has-post-date","has-post-category","has-post-tag","has-post-comment","has-post-author",""],"builder_content":"","_links":{"self":[{"href":"https:\/\/lamagicbox.com\/magazine\/wp-json\/wp\/v2\/posts\/19695","targetHints":{"allow":["GET"]}}],"collection":[{"href":"https:\/\/lamagicbox.com\/magazine\/wp-json\/wp\/v2\/posts"}],"about":[{"href":"https:\/\/lamagicbox.com\/magazine\/wp-json\/wp\/v2\/types\/post"}],"author":[{"embeddable":true,"href":"https:\/\/lamagicbox.com\/magazine\/wp-json\/wp\/v2\/users\/1"}],"replies":[{"embeddable":true,"href":"https:\/\/lamagicbox.com\/magazine\/wp-json\/wp\/v2\/comments?post=19695"}],"version-history":[{"count":0,"href":"https:\/\/lamagicbox.com\/magazine\/wp-json\/wp\/v2\/posts\/19695\/revisions"}],"wp:featuredmedia":[{"embeddable":true,"href":"https:\/\/lamagicbox.com\/magazine\/wp-json\/wp\/v2\/media\/19737"}],"wp:attachment":[{"href":"https:\/\/lamagicbox.com\/magazine\/wp-json\/wp\/v2\/media?parent=19695"}],"wp:term":[{"taxonomy":"category","embeddable":true,"href":"https:\/\/lamagicbox.com\/magazine\/wp-json\/wp\/v2\/categories?post=19695"},{"taxonomy":"post_tag","embeddable":true,"href":"https:\/\/lamagicbox.com\/magazine\/wp-json\/wp\/v2\/tags?post=19695"}],"curies":[{"name":"wp","href":"https:\/\/api.w.org\/{rel}","templated":true}]}}