{"id":16153,"date":"2017-09-10T23:59:55","date_gmt":"2017-09-10T22:59:55","guid":{"rendered":"http:\/\/lamagicbox.com\/magazine\/?p=16153"},"modified":"2024-02-25T10:29:20","modified_gmt":"2024-02-25T09:29:20","slug":"renaud-gauvain-sers-a-foire-en-scene-chalons-en-champagne-51","status":"publish","type":"post","link":"https:\/\/lamagicbox.com\/magazine\/renaud-gauvain-sers-a-foire-en-scene-chalons-en-champagne-51\/","title":{"rendered":"Renaud + Gauvain Sers &#8211; Foire En Sc\u00e8ne 2017 &#8211; Ch\u00e2lons En Champagne (51)"},"content":{"rendered":"<h2><span style=\"color: #333333;\"><img loading=\"lazy\" decoding=\"async\" class=\"size-full wp-image-16154 alignleft\" title=\"Foire En Sc\u00e8ne 2017 vignette\" src=\"http:\/\/lamagicbox.com\/magazine\/wp-content\/uploads\/2017\/09\/Foire-En-Sc\u00e8ne-2017-vignette.jpg\" alt=\"Foire En Sc\u00e8ne 2017 vignette\" width=\"150\" height=\"225\" srcset=\"https:\/\/lamagicbox.com\/magazine\/wp-content\/uploads\/2017\/09\/Foire-En-Sc\u00e8ne-2017-vignette.jpg 150w, https:\/\/lamagicbox.com\/magazine\/wp-content\/uploads\/2017\/09\/Foire-En-Sc\u00e8ne-2017-vignette-100x150.jpg 100w\" sizes=\"auto, (max-width: 150px) 100vw, 150px\" \/>Foire En Sc\u00e8ne<\/span><\/h2>\n<h2 align=\"JUSTIFY\"><span style=\"color: #800000;\">Renaud + Gauvain Sers<\/span><\/h2>\n<h2><span style=\"color: #333333;\">Le 10 Septembre 2017 \u2013 Ch\u00e2lons En Champagne (51)<\/span><\/h2>\n<h2 align=\"JUSTIFY\"><span style=\"color: #800000;\"><span style=\"text-decoration: underline;\">Notre avis<\/span>\u00a0: [star rating=\u00a0\u00bb3&Prime; max=\u00a0\u00bb5&Prime;]<\/span><\/h2>\n<hr \/>\n<p style=\"text-align: justify;\"><em><strong>Foire En Sc\u00e8ne accueillait Renaud en ce dimanche apr\u00e8s-midi. Pour la 3\u00e8me fois de ce \u00ab\u00a0Ph\u00e9nix Tour\u00a0\u00bb, nous avions l\u2019occasion de\u00a0voir le \u00ab\u00a0Chanteur \u00c9nervant\u00a0\u00bb au cours de cette tr\u00e8s longue tourn\u00e9e. C&rsquo;est un Renaud malheureusement fatigu\u00e9 et confus que nous avons pu voir, devant un public fid\u00e8le, nombreux et indulgent. La premi\u00e8re partie du show \u00e9tait quant \u00e0 elle assur\u00e9e par Gauvain Sers.<\/strong><\/em><\/p>\n<h2 style=\"text-align: justify;\"><span style=\"color: #800000;\">GAUVAIN SERS<\/span><\/h2>\n<p style=\"text-align: justify;\">Le public se fait entendre \u00e0 l\u2019arriv\u00e9e de Gauvain Sers qui communique d&#8217;embl\u00e9e avec la foule. <em>Bonsoir Ch\u00e2lons En Champagne !<\/em>\u00a0C&rsquo;est avec \u00ab\u00a0Pourvu\u00a0\u00bb que le set est lanc\u00e9, morceau extrait de l&rsquo;album sorti en juin dernier. L&rsquo;accueil est chaleureux, et Gauvain continue \u00e0 parler au public. <em>Merci beaucoup ! Je penserai peut \u00eatre \u00e0 vous pour les choeurs pour le 2\u00e8me album !<\/em> Le chanteur <em>\u00e0 casquette<\/em> Creusois poursuit son tour de chant avec \u00ab\u00a0H\u00e9nin-Beaumont\u00a0\u00bb et nous pr\u00e9sente\u00a0<span class=\"st\">Martial Bort<\/span> \u00e0 la guitare. <em>C&rsquo;est notre derni\u00e8re date avec Renaud ! Je le remercie de nous avoir pr\u00eat\u00e9 son public bienveillant ! Merci beaucoup !!!<\/em> \u00ab\u00a0Comme Si C&rsquo;\u00c9tait Hier\u00a0\u00bb est alors propos\u00e9, une <em>chanson \u00e9crite pendant cette tourn\u00e9e.<\/em>\u00a0\u00ab\u00a0Mon Fils Est Parti Au Ddjihad\u00a0\u00bb est ensuite envoy\u00e9. <em>Merci pour votre \u00e9coute ! Merci pour l&rsquo;accueil !<\/em> <em>On peut encore en faire une petite&#8230;<\/em> C&rsquo;est\u00a0<em>le moment tragique, mais n\u00e9anmoins in\u00e9vitable de la derni\u00e8re chanson&#8230;<\/em> Apr\u00e8s avoir remerci\u00e9 toute l&rsquo;\u00e9quipe technique, c&rsquo;est \u00ab\u00a0Dans Mes Poches\u00a0\u00bb qui vient cl\u00f4turer le set. <em>Merci ! Je vous tire ma casquette !!!<\/em> Les protagonistes saluent le public et prennent une petite photo avant de quitter la sc\u00e8ne.<\/p>\n<p style=\"text-align: justify;\"><img loading=\"lazy\" decoding=\"async\" class=\"size-full wp-image-16160 aligncenter\" title=\"Gauvain Sers 2017\" src=\"http:\/\/lamagicbox.com\/magazine\/wp-content\/uploads\/2017\/09\/Gauvain-Sers-2017.jpg\" alt=\"Gauvain Sers 2017\" width=\"500\" height=\"333\" srcset=\"https:\/\/lamagicbox.com\/magazine\/wp-content\/uploads\/2017\/09\/Gauvain-Sers-2017.jpg 500w, https:\/\/lamagicbox.com\/magazine\/wp-content\/uploads\/2017\/09\/Gauvain-Sers-2017-225x150.jpg 225w, https:\/\/lamagicbox.com\/magazine\/wp-content\/uploads\/2017\/09\/Gauvain-Sers-2017-450x300.jpg 450w\" sizes=\"auto, (max-width: 500px) 100vw, 500px\" \/><\/p>\n<h2 style=\"text-align: justify;\"><span style=\"color: #800000;\">RENAUD<\/span><\/h2>\n<p style=\"text-align: justify;\">La foule des grands jours est pr\u00e9sente ce dimanche apr\u00e8s-midi pour accueillir Renaud, presque un an apr\u00e8s le d\u00e9but de sa longue tourn\u00e9e et son passage au Capitole en octobre 2016. Les musiciens s&rsquo;installent sur sc\u00e8ne, et Renaud arrive \u00e0 son tour. Le set est lanc\u00e9 avec \u00ab\u00a0Toujours Debout\u00a0\u00bb, suivi de \u00ab\u00a0Docteur Renaud, Mister Renard\u00a0\u00bb. L&rsquo;artiste communique r\u00e9guli\u00e8rement avec le public. <em>Merci d&rsquo;\u00eatre venus \u00e9couter ma voix pourrie ! Vous vous en foutez ? Vous n&rsquo;\u00eates pas venus \u00e9couter C\u00e9line Dion ou Florent Pagny&#8230; Ma voix rocailleuse, ma voix caverneuse comme disent les journalistes\u2026<\/em> Vient ensuite la chanson pr\u00e9f\u00e9r\u00e9e de Renaud\u00a0<em>parmi tout son r\u00e9pertoire<\/em> : \u00ab\u00a0En Cloque\u00a0\u00bb. Il se dote d&rsquo;une guitare pour <em>une chanson de 1980 :<\/em> \u00ab\u00a0Marche \u00c0 L&rsquo;Ombre\u00a0\u00bb. <em>Voici maintenant une petite chanson r\u00e9volutionnaire de mon r\u00e9pertoire :<\/em>\u00a0\u00ab\u00a0J&rsquo;ai Embrass\u00e9 Un Flic\u00a0\u00bb. La vid\u00e9o projet\u00e9e nous montre une manif faisant appara\u00eetre la statue de la Place de la R\u00e9publique et un Renaud en playmobil embrassant un CRS ! <em>Une chanson d\u2019amour, pour un pote qui s\u2019appelle \u00ab\u00a0Manu\u00a0\u00bb,<\/em> nous est alors propos\u00e9e. Le public reprend en choeur, et Renaud nous conte ensuite \u00ab\u00a0Les Aventures De G\u00e9rard Lambert\u00a0\u00bb. Il nous annonce\u00a0<em>une nouvelle chanson,\u00a0m\u00eame si vous pr\u00e9f\u00e9rez les anciennes&#8230;\u00a0<\/em>Nous avons alors \u00ab\u00a0Les Mots\u00a0\u00bb avec la projection d&rsquo;images d&rsquo;une biblioth\u00e8que o\u00f9 d\u00e9filent les noms de Brassens, de Nougaro, de Victor Hugo et quelques paroles de la chanson. Renaud reprend la guitare pour le \u00ab\u00a0HLM\u00a0\u00bb, avant de nous jouer <em>une petite chanson pour les enfants de monde :<\/em>\u00a0\u00ab\u00a0Morts Les Enfants\u00a0\u00bb. Il nous raconte ensuite l&rsquo;anecdote de la<em> petite fille <\/em>qui lui<em> avait \u00e9crit : j&rsquo;aime beaucoup tes chansons, surtout caravane maboule ! <\/em>Et le public est invit\u00e9 \u00e0 chanter sur \u00ab\u00a0Manhattan-Kaboul\u00a0\u00bb.<\/p>\n<p style=\"text-align: justify;\"><img loading=\"lazy\" decoding=\"async\" class=\"size-full wp-image-16170 aligncenter\" title=\"Renaud Foire En Sc\u00e8ne 2017\" src=\"http:\/\/lamagicbox.com\/magazine\/wp-content\/uploads\/2017\/09\/Renaud-Foire-En-Sc\u00e8ne-2017.jpg\" alt=\"Renaud Foire En Sc\u00e8ne 2017\" width=\"500\" height=\"333\" srcset=\"https:\/\/lamagicbox.com\/magazine\/wp-content\/uploads\/2017\/09\/Renaud-Foire-En-Sc\u00e8ne-2017.jpg 500w, https:\/\/lamagicbox.com\/magazine\/wp-content\/uploads\/2017\/09\/Renaud-Foire-En-Sc\u00e8ne-2017-225x150.jpg 225w, https:\/\/lamagicbox.com\/magazine\/wp-content\/uploads\/2017\/09\/Renaud-Foire-En-Sc\u00e8ne-2017-450x300.jpg 450w\" sizes=\"auto, (max-width: 500px) 100vw, 500px\" \/><\/p>\n<p style=\"text-align: justify;\">Le public reconna\u00eet \u00ab\u00a0Morgane De Toi\u00a0\u00bb d\u00e8s les premi\u00e8res notes. \u00ab\u00a0La Ballade Nord-Irlandaise\u00a0\u00bb vient poursuivre le show, et le public claque des mains avant de faire une ovation. <em>John Lennon disait : le rock fran\u00e7ais, c&rsquo;est comme le vin anglais&#8230; \u00c7a n&rsquo;existe pas !!! T\u00e9l\u00e9phone, Indochine et Thi\u00e9faine, c&rsquo;est pas du rock ?!! Voici un twist, d\u00e9riv\u00e9 du rock, qui commen\u00e7ait comme \u00e7a&#8230; Eh les copains, on fait quoi ce soir ? On va au cinoche ?<\/em>\u00a0C&rsquo;est \u00ab\u00a0Mon Dernier Bal\u00a0\u00bb<em>. <\/em>Renaud pr\u00e9sente alors les techniciens et les musiciens avant de lancer \u00ab\u00a0Marchand De Cailloux\u00a0\u00bb. <em>On ne va pas se s\u00e9parer sans chanter la chanson pr\u00e9f\u00e9r\u00e9e de tous les temps..<\/em>. \u00ab\u00a0Mistral Gagnant\u00a0\u00bb est alors envoy\u00e9. <em>Merci, bonsoir et \u00e0 bient\u00f4t !<\/em>\u00a0Renaud et son groupe saluent le public avant de quitter la sc\u00e8ne. Apr\u00e8s un rappel chaleureux et une petite cigarette, le retour se fait avec \u00ab\u00a0Germaine\u00a0\u00bb qui nous emm\u00e8ne sur les oc\u00e9ans avec \u00ab\u00a0D\u00e8s Que Le Vent Soufflera&#8230;\u00a0\u00bb. <em>On devait faire 1h30, on va faire un peu plus longtemps&#8230; Voici un medley qui commence comme \u00e7a&#8230; <\/em>Les tubes vont alors s&rsquo;encha\u00eener : \u00ab\u00a0Pierrot\u00a0\u00bb, \u00ab\u00a0L&rsquo;Hexagone\u00a0\u00bb, \u00ab\u00a0Laisse B\u00e9ton\u00a0\u00bb, \u00ab\u00a0Ma Gonzesse\u00a0\u00bb, \u00ab\u00a0It Is Not Because You Are\u00a0\u00bb, \u00ab\u00a0Miss Maggie\u00a0\u00bb, \u00ab\u00a0La M\u00e8re A Titi\u00a0\u00bb. Le spectacle se termine alors avec\u00a0\u00ab\u00a0Fatigu\u00e9\u00a0\u00bb. Renaud quitte la sc\u00e8ne, et un ph\u00e9nix en vid\u00e9o prend son envol. Avec une prestation de presque 2h00, le show a \u00e9t\u00e9 assur\u00e9 par les\u00a0excellents musiciens qui entourent Renaud dont la voix s&rsquo;est \u00e9claircie au fur et \u00e0 mesure du tour de chant.<\/p>\n<p><img loading=\"lazy\" decoding=\"async\" class=\"size-full wp-image-16166 aligncenter\" title=\"Renaud Foire En Sc\u00e8ne 2017 7\" src=\"http:\/\/lamagicbox.com\/magazine\/wp-content\/uploads\/2017\/09\/Renaud-Foire-En-Sc\u00e8ne-2017-7.jpg\" alt=\"Renaud Foire En Sc\u00e8ne 2017 7\" width=\"500\" height=\"378\" srcset=\"https:\/\/lamagicbox.com\/magazine\/wp-content\/uploads\/2017\/09\/Renaud-Foire-En-Sc\u00e8ne-2017-7.jpg 500w, https:\/\/lamagicbox.com\/magazine\/wp-content\/uploads\/2017\/09\/Renaud-Foire-En-Sc\u00e8ne-2017-7-198x150.jpg 198w, https:\/\/lamagicbox.com\/magazine\/wp-content\/uploads\/2017\/09\/Renaud-Foire-En-Sc\u00e8ne-2017-7-397x300.jpg 397w\" sizes=\"auto, (max-width: 500px) 100vw, 500px\" \/><\/p>\n<p style=\"text-align: justify;\"><strong><span style=\"text-decoration: underline;\">Renaud<\/span>\u00a0:\u00a0<a href=\"https:\/\/www.facebook.com\/RenaudOfficiel\/?fref=ts\" target=\"_blank\" rel=\"noopener\">Facebook<\/a>\u00a0\/\u00a0<a href=\"https:\/\/twitter.com\/renaudofficiel?lang=fr\" target=\"_blank\" rel=\"noopener\">Twitter<\/a>\u00a0\/\u00a0<a href=\"http:\/\/www.renaud-lesite.fr\/\" target=\"_blank\" rel=\"noopener\">Site Officiel<\/a><\/strong><\/p>\n<hr \/>\n<p>\u00a0<\/p>\n<!--themify_builder_content-->\n<div id=\"themify_builder_content-16153\" data-postid=\"16153\" class=\"themify_builder_content themify_builder_content-16153 themify_builder tf_clear\">\n    <\/div>\n<!--\/themify_builder_content-->","protected":false},"excerpt":{"rendered":"<p>Foire En Sc\u00e8ne Renaud + Gauvain Sers Le 10 Septembre 2017 \u2013 Ch\u00e2lons En Champagne (51) Notre avis\u00a0: [star rating=\u00a0\u00bb3&Prime; max=\u00a0\u00bb5&Prime;] Foire En Sc\u00e8ne accueillait Renaud en ce dimanche apr\u00e8s-midi. Pour la 3\u00e8me fois de ce \u00ab\u00a0Ph\u00e9nix Tour\u00a0\u00bb, nous avions l\u2019occasion de\u00a0voir le \u00ab\u00a0Chanteur \u00c9nervant\u00a0\u00bb au cours de cette tr\u00e8s longue tourn\u00e9e. C&rsquo;est un Renaud [&hellip;]<\/p>\n","protected":false},"author":4,"featured_media":16174,"comment_status":"open","ping_status":"open","sticky":false,"template":"","format":"standard","meta":{"footnotes":""},"categories":[58,53],"tags":[1071,1527,1526,578],"class_list":["post-16153","post","type-post","status-publish","format-standard","has-post-thumbnail","hentry","category-reportage-festival","category-reportages","tag-chalons-en-champagne","tag-foire-en-scene","tag-gauvain-sers","tag-renaud","has-post-title","has-post-date","has-post-category","has-post-tag","has-post-comment","has-post-author",""],"builder_content":"","_links":{"self":[{"href":"https:\/\/lamagicbox.com\/magazine\/wp-json\/wp\/v2\/posts\/16153","targetHints":{"allow":["GET"]}}],"collection":[{"href":"https:\/\/lamagicbox.com\/magazine\/wp-json\/wp\/v2\/posts"}],"about":[{"href":"https:\/\/lamagicbox.com\/magazine\/wp-json\/wp\/v2\/types\/post"}],"author":[{"embeddable":true,"href":"https:\/\/lamagicbox.com\/magazine\/wp-json\/wp\/v2\/users\/4"}],"replies":[{"embeddable":true,"href":"https:\/\/lamagicbox.com\/magazine\/wp-json\/wp\/v2\/comments?post=16153"}],"version-history":[{"count":2,"href":"https:\/\/lamagicbox.com\/magazine\/wp-json\/wp\/v2\/posts\/16153\/revisions"}],"predecessor-version":[{"id":39128,"href":"https:\/\/lamagicbox.com\/magazine\/wp-json\/wp\/v2\/posts\/16153\/revisions\/39128"}],"wp:featuredmedia":[{"embeddable":true,"href":"https:\/\/lamagicbox.com\/magazine\/wp-json\/wp\/v2\/media\/16174"}],"wp:attachment":[{"href":"https:\/\/lamagicbox.com\/magazine\/wp-json\/wp\/v2\/media?parent=16153"}],"wp:term":[{"taxonomy":"category","embeddable":true,"href":"https:\/\/lamagicbox.com\/magazine\/wp-json\/wp\/v2\/categories?post=16153"},{"taxonomy":"post_tag","embeddable":true,"href":"https:\/\/lamagicbox.com\/magazine\/wp-json\/wp\/v2\/tags?post=16153"}],"curies":[{"name":"wp","href":"https:\/\/api.w.org\/{rel}","templated":true}]}}