{"id":15789,"date":"2017-08-02T12:10:51","date_gmt":"2017-08-02T11:10:51","guid":{"rendered":"http:\/\/lamagicbox.com\/magazine\/?p=15789"},"modified":"2017-08-01T12:41:16","modified_gmt":"2017-08-01T11:41:16","slug":"roberdam-je-reve-donc-je-suis","status":"publish","type":"post","link":"https:\/\/lamagicbox.com\/magazine\/roberdam-je-reve-donc-je-suis\/","title":{"rendered":"Roberdam &#8211; Je reve donc je suis"},"content":{"rendered":"<p><span style=\"color: #800000;\"><strong>2017 \u2013 12 \u00a0titres &#8211; 36&rsquo;41<br \/>\n<\/strong><\/span><em><strong>Label :<\/strong> <\/em>Athome<br \/>\n<strong><em>Style\u00a0: <\/em><\/strong>Pop, Chanson, Folk<br \/>\n<strong><em>Origine\u00a0:<\/em><\/strong>\u00a0France, Grand Est, Nancy (54)<br \/>\n<em><strong>Date de sortie de l&rsquo;album :<\/strong><\/em> 9 juin 2017<\/p>\n<p style=\"text-align: right;\"><strong>Notre avis : [star rating=\u00a0\u00bb2&Prime; max=\u00a0\u00bb5&Prime;]<\/strong><\/p>\n<p style=\"text-align: right;\">\n<hr \/>\n<p style=\"text-align: right;\"><strong>Par Mike S.<\/strong><\/p>\n<h2><\/h2>\n<p style=\"text-align: justify;\"><em><strong>Adepte de la chanson festive au sein du groupe \u00ab\u00a0Ravid\u2019Vous\u2019Voir\u00a0\u00bb, de la Folk Music avec \u00ab\u00a0Les gar\u00e7ons Trottoirs\u00a0\u00bb ou du spectacle vivant en proposant \u00ab Je voudrais \u00eatre une star \u00bb, Roberdam s&rsquo;est aussi associ\u00e9 \u00e0 Alex Toucourt, le temps d&rsquo;un conte musical (\u00ab\u00a0Tu peux toujours r\u00eaver\u00a0\u00bb). Ce sont sans doute ces m\u00eames r\u00eaves qui l&rsquo;ont conduit cette fois \u00e0 partir sur un nouveau projet solo de chanson fran\u00e7aise, intitul\u00e9 logiquement \u00ab\u00a0Je r\u00eave donc je suis\u00a0\u00bb.<\/strong> <\/em><\/p>\n<p style=\"text-align: justify;\">Ce n&rsquo;est pas parce qu&rsquo;on r\u00eave qu&rsquo;on n&rsquo;a pas les pieds sur Terre. Avec le premier single <em>Vers l\u2019avant<\/em>, il montre son gout pour le cin\u00e9ma et pour les histoires qui racontes des choses fortes de sens. Le clip, en forme de court-m\u00e9trage, raconte le quotidien d&rsquo;un SDF dans une grande m\u00e9tropole), entre d\u00e9brouille, vague \u00e0 l&rsquo;\u00e2me et soif de libert\u00e9. La musique de Roberdam s&rsquo;affiche\u00a0 comme une sorte de Pop m\u00e9lancolique, marqu\u00e9e, de sa voix enraill\u00e9e, par la chanson r\u00e9aliste de ses d\u00e9buts.<\/p>\n<p class=\"paragraph_style_2\" style=\"text-align: center;\"><iframe loading=\"lazy\" src=\"https:\/\/www.youtube.com\/embed\/iL4fu67nADM\" width=\"450\" height=\"250\" frameborder=\"0\" allowfullscreen=\"allowfullscreen\"><\/iframe><\/p>\n<p style=\"text-align: justify;\">Roberdam utilise les mots comme squelette de la chanson, leurs sonorit\u00e9s donnent le rythme et les reliefs. Reste donc \u00e0 chaque fois \u00e0 leur donner une couleur \u00e0 travers les orchestrations, simples mais soign\u00e9es.<\/p>\n<p style=\"text-align: justify;\">De la Chanson \u00e0 la Vari\u00e9t\u00e9, la fronti\u00e8re est souvent t\u00e9nue.\u00a0Roberdam, lui, joue avec, passe d&rsquo;un c\u00f4t\u00e9 \u00e0 l&rsquo;autre, au gr\u00e9 de ses humeurs, tout au long de ce disque, au risque de fr\u00f4ler l&rsquo;incident diplomatique, avec\u00a0<em>Tout et n&rsquo;importe quoi<\/em>, qui a des airs de connivences avec le tube <em>C&rsquo;est la vie<\/em> de <strong>Khaled<\/strong>.<\/p>\n<p style=\"text-align: center;\"><iframe loading=\"lazy\" src=\"https:\/\/www.youtube.com\/embed\/_y_ifJ0IKW8\" width=\"450\" height=\"250\" frameborder=\"0\" allowfullscreen=\"allowfullscreen\"><\/iframe><\/p>\n<p style=\"text-align: justify;\">Ce qu&rsquo;on retient de cet album c&rsquo;est surtout la dynamique, la bonne humeur communicative qui s&rsquo;en d\u00e9gage, les refrains ent\u00eatants et la facilit\u00e9 \u00e0 faire des tubes \u00e9vidents. Et on en oublie rapidement les faux airs avec <strong>Renan Luce<\/strong>, <strong>Mickael Miro<\/strong>, <strong>Boulevard des Airs<\/strong> et autres <strong>Frero <\/strong>sous speed&#8230;<\/p>\n<p style=\"text-align: justify;\"><em><strong>Je reve donc je suis<\/strong> <\/em>a tout de l&rsquo;album a succ\u00e8s. Souhaitons lui simplement bon vent !<\/p>\n<p style=\"text-align: justify;\">\n<hr \/>\n<p><a href=\"http:\/\/roberdam.fr\/\" target=\"_blank\">Site officiel<\/a> \/ <a href=\"https:\/\/www.facebook.com\/roberdampage\" target=\"_blank\">Facebook<\/a><\/p>\n<p style=\"text-align: justify;\"><strong>[hr color=\u00a0\u00bbred\u00a0\u00bb]\u00a0<\/strong><\/p>\n<p style=\"text-align: justify;\"><em><strong>Tracklist :<br \/>\n<\/strong><\/em>1. Vers l&rsquo;avant<br \/>\n2. Un \u00e9t\u00e9 sous la pluie<br \/>\n3. Je r\u00eave donc je suis<br \/>\n4. Tes dessous<br \/>\n5. Grandir n&rsquo;est pas de mon \u00e2ge<br \/>\n6. Quel pied<br \/>\n7. Goodbye My Love<br \/>\n8. Tout va bien<br \/>\n9. Est-ce que tu m&rsquo;aimes quand m\u00eame<br \/>\n10. J&rsquo;ai la flemme<br \/>\n11. Tout et n&rsquo;importe quoi<br \/>\n12. Paris<em><strong><br \/>\n<\/strong><\/em><\/p>\n<!--themify_builder_content-->\n<div id=\"themify_builder_content-15789\" data-postid=\"15789\" class=\"themify_builder_content themify_builder_content-15789 themify_builder tf_clear\">\n    <\/div>\n<!--\/themify_builder_content-->\n","protected":false},"excerpt":{"rendered":"<p>2017 \u2013 12 \u00a0titres &#8211; 36&rsquo;41 Label : Athome Style\u00a0: Pop, Chanson, Folk Origine\u00a0:\u00a0France, Grand Est, Nancy (54) Date de sortie de l&rsquo;album : 9 juin 2017 Notre avis : [star rating=\u00a0\u00bb2&Prime; max=\u00a0\u00bb5&Prime;] Par Mike S. Adepte de la chanson festive au sein du groupe \u00ab\u00a0Ravid\u2019Vous\u2019Voir\u00a0\u00bb, de la Folk Music avec \u00ab\u00a0Les gar\u00e7ons Trottoirs\u00a0\u00bb ou [&hellip;]<\/p>\n","protected":false},"author":1,"featured_media":15795,"comment_status":"open","ping_status":"open","sticky":false,"template":"","format":"standard","meta":{"footnotes":""},"categories":[39],"tags":[75,1481,1482,1480],"class_list":["post-15789","post","type-post","status-publish","format-standard","has-post-thumbnail","hentry","category-albums-francais","tag-athome","tag-les-garcons-trottoirs","tag-ravidvousvoir","tag-roberdam","has-post-title","has-post-date","has-post-category","has-post-tag","has-post-comment","has-post-author",""],"builder_content":"","_links":{"self":[{"href":"https:\/\/lamagicbox.com\/magazine\/wp-json\/wp\/v2\/posts\/15789","targetHints":{"allow":["GET"]}}],"collection":[{"href":"https:\/\/lamagicbox.com\/magazine\/wp-json\/wp\/v2\/posts"}],"about":[{"href":"https:\/\/lamagicbox.com\/magazine\/wp-json\/wp\/v2\/types\/post"}],"author":[{"embeddable":true,"href":"https:\/\/lamagicbox.com\/magazine\/wp-json\/wp\/v2\/users\/1"}],"replies":[{"embeddable":true,"href":"https:\/\/lamagicbox.com\/magazine\/wp-json\/wp\/v2\/comments?post=15789"}],"version-history":[{"count":0,"href":"https:\/\/lamagicbox.com\/magazine\/wp-json\/wp\/v2\/posts\/15789\/revisions"}],"wp:featuredmedia":[{"embeddable":true,"href":"https:\/\/lamagicbox.com\/magazine\/wp-json\/wp\/v2\/media\/15795"}],"wp:attachment":[{"href":"https:\/\/lamagicbox.com\/magazine\/wp-json\/wp\/v2\/media?parent=15789"}],"wp:term":[{"taxonomy":"category","embeddable":true,"href":"https:\/\/lamagicbox.com\/magazine\/wp-json\/wp\/v2\/categories?post=15789"},{"taxonomy":"post_tag","embeddable":true,"href":"https:\/\/lamagicbox.com\/magazine\/wp-json\/wp\/v2\/tags?post=15789"}],"curies":[{"name":"wp","href":"https:\/\/api.w.org\/{rel}","templated":true}]}}