{"id":15075,"date":"2017-05-20T23:59:38","date_gmt":"2017-05-20T22:59:38","guid":{"rendered":"http:\/\/lamagicbox.com\/magazine\/?p=15075"},"modified":"2017-06-23T15:04:29","modified_gmt":"2017-06-23T14:04:29","slug":"festival-les-cherttelectriks-200517-a-cuguen-35","status":"publish","type":"post","link":"https:\/\/lamagicbox.com\/magazine\/festival-les-cherttelectriks-200517-a-cuguen-35\/","title":{"rendered":"Le Festival Les Chertt&rsquo;Electriks &#8211; Cuguen (35)"},"content":{"rendered":"<h1><span style=\"color: #993300;\">Festival Les Chertt&rsquo;Electriks<\/span><\/h1>\n<h3><span style=\"color: #000000;\">Edition 2017<\/span><br \/>\n<span style=\"color: #000000;\">Avec :<\/span> <span style=\"color: #800000;\">La Punkaravane, Red Cardell, Les Fatals Picards, Soviet Supreme et Elisa Do Brazil<br \/>\n<\/span><\/h3>\n<p>20 mai 2017<br \/>\n<strong>Style :<\/strong> Rock celte, Rock dr\u00f4le, Electro etc.<br \/>\n<strong>Lieu\u00a0:<\/strong> Bretagne, Cuguen (35)<\/p>\n<p style=\"text-align: right;\"><strong><strong>Notre avis : [star rating=\u00a0\u00bb4&Prime; max=\u00a0\u00bb5&Prime;]<\/strong><\/strong><\/p>\n<hr \/>\n<p style=\"text-align: right;\"><em><strong>Par Mike S. et Estelle R.<br \/>\n<\/strong><\/em><\/p>\n<p style=\"text-align: justify;\"><em><strong><img loading=\"lazy\" decoding=\"async\" class=\"size-full wp-image-15103 alignright\" title=\"affiche2017\" src=\"http:\/\/lamagicbox.com\/magazine\/wp-content\/uploads\/2017\/05\/affiche2017.jpg\" alt=\"affiche2017\" width=\"150\" height=\"225\" srcset=\"https:\/\/lamagicbox.com\/magazine\/wp-content\/uploads\/2017\/05\/affiche2017.jpg 150w, https:\/\/lamagicbox.com\/magazine\/wp-content\/uploads\/2017\/05\/affiche2017-100x150.jpg 100w\" sizes=\"auto, (max-width: 150px) 100vw, 150px\" \/>Rendez-vous \u00e0 Cuguen, en Bretagne, rue du Menhir (\u00e7a ne s&rsquo;invente pas ! ) pour acc\u00e9der au site du Festival Les Chertt&rsquo;Electriks qui accueillait cette ann\u00e9e encore un peu plus de t\u00eates d&rsquo;affiche que l&rsquo;ann\u00e9e pr\u00e9c\u00e9dente. En lieu et place du Punk des cavernes des Ramoneurs de Menhir, c&rsquo;\u00e9tait d&rsquo;autres troublions qui nous proposaient d&rsquo;\u00e9couter de la bonne musique, sans se prendre forc\u00e9ment au s\u00e9rieux de bout en bout du Festival. Avec Les Fatals Picards et les Soviet Suprem, on avait en effet de quoi s&rsquo;attendre \u00e0 tout sauf \u00e0 une seule minute de s\u00e9rieux !<\/strong> <\/em><\/p>\n<p style=\"text-align: justify;\"><img loading=\"lazy\" decoding=\"async\" class=\"size-full wp-image-15081 alignleft\" title=\"ambiance-cugen-2017-03p\" src=\"http:\/\/lamagicbox.com\/magazine\/wp-content\/uploads\/2017\/05\/ambiance-cugen-2017-03p.jpg\" alt=\"ambiance-cugen-2017-03p\" width=\"300\" height=\"200\" srcset=\"https:\/\/lamagicbox.com\/magazine\/wp-content\/uploads\/2017\/05\/ambiance-cugen-2017-03p.jpg 300w, https:\/\/lamagicbox.com\/magazine\/wp-content\/uploads\/2017\/05\/ambiance-cugen-2017-03p-225x150.jpg 225w\" sizes=\"auto, (max-width: 300px) 100vw, 300px\" \/>Pour ouvrir le bal, sept musiciens originaires de Ch\u00e2teau-Thierry, dont le registre se m\u00e9lange entre chanson, ska et punk. Des chansons \u00e0 texte pour une orchestration bien cuivr\u00e9e, de quoi mettre une ambiance de fou \u00e0 n&rsquo;importe quel festival ! <strong><a href=\"https:\/\/www.facebook.com\/lapunkaravane\/\" target=\"_blank\">LA PUNKARAVANE<\/a><\/strong> n&rsquo;a, semble-il, pas d\u00e9\u00e7u les festivaliers. Semble-t-il, car malheureusement, on est arriv\u00e9 apr\u00e8s la bataille, ayant d\u00fb passer avant par un autre concert, celui des <a href=\"http:\/\/lamagicbox.com\/magazine\/?p=15013\">Gris Chien<\/a>, \u00e0 Dol de Bretagne. Avec toutes nos excuses \u00e0 Rafi et sa bande !<img loading=\"lazy\" decoding=\"async\" class=\" wp-image-15095 alignright\" title=\"la-punkaravane-2017-02\" src=\"http:\/\/lamagicbox.com\/magazine\/wp-content\/uploads\/2017\/05\/la-punkaravane-2017-02.jpg\" alt=\"la-punkaravane-2017-02\" width=\"150\" height=\"150\" srcset=\"https:\/\/lamagicbox.com\/magazine\/wp-content\/uploads\/2017\/05\/la-punkaravane-2017-02.jpg 200w, https:\/\/lamagicbox.com\/magazine\/wp-content\/uploads\/2017\/05\/la-punkaravane-2017-02-150x150.jpg 150w\" sizes=\"auto, (max-width: 150px) 100vw, 150px\" \/><\/p>\n<p style=\"text-align: justify;\">C&rsquo;est donc avec <a href=\"https:\/\/www.facebook.com\/red.cardell\/\" target=\"_blank\"><strong>RED CARDELL<\/strong><\/a>, qu&rsquo;on a r\u00e9ellement d\u00e9but\u00e9 la soir\u00e9e. On ne pr\u00e9sente plus ces finist\u00e9riens originaires de Quimper, qui ont su donner depuis 25 ans une image totalement nouvelle \u00e0 la musique celte, qui avant eux, ressemblait encore \u00e0 <strong>Try Yann<\/strong> et <strong>Alan Stivell<\/strong>. Quelques boucles electro plus tard, et les Red Cardell avaient retourn\u00e9 le genre \u00e0 leur avantage, faisant de leurs origines bretonnes une force et une diff\u00e9rence sur la sc\u00e8ne Rock alternative ! Apr\u00e8s avoir multipli\u00e9 les exp\u00e9riences avec notamment le <span id=\"2015_:_tourn.C3.A9e_au_sein_du_Celtic_Social_Club.2C_changements\" class=\"mw-headline\"><a href=\"https:\/\/www.facebook.com\/the.celtic.social.club\/?fref=ts\" target=\"_blank\">Celtic Social Club<\/a>, les R<\/span><span id=\"2015_:_tourn.C3.A9e_au_sein_du_Celtic_Social_Club.2C_changements\" class=\"mw-headline\">ed Cardell sont ce soir de retour aux sources en proposant un set 100 % <strong>Red Cardell<\/strong>, pour lequel le groupe a puis\u00e9 dans son pass\u00e9, mais aussi dans son dernier opus,\u00a0<strong><i>Un Monde tout \u00e0 l&rsquo;envers<\/i><\/strong>, leur 17e album \u00e0 ce jour.\u00a0 Sur le devant de la sc\u00e8ne, le chanteur guitariste Jean-Pierre Riou, au centre, et l&rsquo;accord\u00e9oniste Jean-Michel Moal \u00e0 gauche. Ils sont accompagn\u00e9s d&rsquo;un bassiste-guitariste,\u00a0Pierre Sangra et d&rsquo;un batteur <img loading=\"lazy\" decoding=\"async\" class=\"size-full wp-image-15100 alignleft\" title=\"ambiance-cugen-2017-10p\" src=\"http:\/\/lamagicbox.com\/magazine\/wp-content\/uploads\/2017\/05\/ambiance-cugen-2017-10p.jpg\" alt=\"ambiance-cugen-2017-10p\" width=\"300\" height=\"200\" srcset=\"https:\/\/lamagicbox.com\/magazine\/wp-content\/uploads\/2017\/05\/ambiance-cugen-2017-10p.jpg 300w, https:\/\/lamagicbox.com\/magazine\/wp-content\/uploads\/2017\/05\/ambiance-cugen-2017-10p-225x150.jpg 225w\" sizes=\"auto, (max-width: 300px) 100vw, 300px\" \/>(Hibu Corbel). \u00c9videmment, c&rsquo;est le moment s\u00e9rieux de la soir\u00e9e, qui m\u00e9lange technicit\u00e9 et harmonies musicales, bien loin du d\u00e9lire festif qui s&rsquo;est empar\u00e9 de la sc\u00e8ne avant eux, et qui va vite reprendre le dessus, avec l&rsquo;arriv\u00e9e des Rockeurs picards. Pour les amateurs de Rock celtique, ce concert des Red Cardell est pourtant un moment rare, qui m\u00eale passion, \u00e9motion et excitation pendant plus d&rsquo;une heure de sons live d&rsquo;une belle intensit\u00e9 ! Une tr\u00e8s belle prestation !\u00a0<\/span><\/p>\n<p style=\"text-align: center;\"><img loading=\"lazy\" decoding=\"async\" class=\" wp-image-15080 alignright\" title=\"red-cardell-2017-04\" src=\"http:\/\/lamagicbox.com\/magazine\/wp-content\/uploads\/2017\/05\/red-cardell-2017-04-450x300.jpg\" alt=\"red-cardell-2017-04\" width=\"399\" height=\"266\" srcset=\"https:\/\/lamagicbox.com\/magazine\/wp-content\/uploads\/2017\/05\/red-cardell-2017-04-450x300.jpg 450w, https:\/\/lamagicbox.com\/magazine\/wp-content\/uploads\/2017\/05\/red-cardell-2017-04-225x150.jpg 225w, https:\/\/lamagicbox.com\/magazine\/wp-content\/uploads\/2017\/05\/red-cardell-2017-04.jpg 500w\" sizes=\"auto, (max-width: 399px) 100vw, 399px\" \/><\/p>\n<p style=\"text-align: justify;\">Tr\u00eaves de &#8211; non &#8211; plaisanteries, le festival reprend le fil de son programme dans la lumi\u00e8re singuli\u00e8re d&rsquo;un soleil couchant particuli\u00e8rement beau sur les gros nuages noirs et mena\u00e7ants. Dans une ambiance <strong><em><a href=\"http:\/\/lamagicbox.com\/magazine\/?p=12101\" target=\"_blank\">Country Club<\/a><\/em><\/strong>, les 4 musiciens pr\u00e9parent eux-m\u00eames leur sc\u00e8ne et leurs balances, habill\u00e9s d&rsquo;un petit gilet tr\u00e8s propret de coll\u00e8giens am\u00e9ricains, marqu\u00e9 des armoiries du Fatal Country Club. Et c&rsquo;est avec le single <em>A l&rsquo;amour, \u00e0 l&rsquo;Armor<\/em> que le groupe d\u00e9bute son concert, histoire de mettre les deux pieds dans le plat, assumant haut et fort leur refrain&#8230;<em>\u00a0\u00bb Dans tous les concerts de Rammstein \u00e0 C\u00e9line Dion. Y&rsquo;aura toujours un con avec un drapeau breton !\u00a0\u00bb. <\/em>Ce n&rsquo;est \u00e0 cet instant que le d\u00e9but de cette avalanche de provocation gratuite que Paul, le chanteur, va entretenir tout au long de ce concert. Bien s\u00fbr, l&rsquo;ambiance reste bon enfant, et le public s&rsquo;amuse de ses blagues \u00e0 deux balles. A ce niveau, on a largement d\u00e9pass\u00e9 le 2e degr\u00e9&#8230; Et entre deux blagues, le groupe d\u00e9roule son set, avec des titres issus pour beaucoup du dernier album, \u00e0 la fois dr\u00f4le et grave, comme ce\u00a0<i>Tais-toi et creuse<\/i>, tellement vrai ! Et bien entendu, ils reviennent aussi sur leurs anciens tubes, extrais pour partie de l&rsquo;\u00e9poque <cite><strong>Pamplemousse m\u00e9canique.<\/strong><em>\u00a0 <\/em><\/cite><\/p>\n<p style=\"text-align: justify;\">Ils nous offrent ainsi un excellent <em>Bernard Lavilliers<\/em>, sur un rythme aussi muscl\u00e9 que le personnage dont ils s&rsquo;inspirent, <i>L&rsquo;Amour \u00e0 la fran\u00e7aise<\/i> (souvenir de leur passage surr\u00e9aliste au concours Eurovision en 2007) ou encore une version originale de <i>Mon p\u00e8re \u00e9tait tellement de gauche<\/i>, Paul laissant alors son micro au batteur. La chanson se terminant en forme de vision d&rsquo;un futur qui nous a rattrap\u00e9&#8230; \u00ab\u00a0<em>Mon p\u00e8re \u00e9tait tellement de gauche, que lorsqu&rsquo;il est parti, La gauche est partie avec lui&#8230;.\u00a0\u00bb !<br \/>\n<\/em><\/p>\n<div class=\"pw-hidden-cp\" style=\"text-align: center;\"><img loading=\"lazy\" decoding=\"async\" class=\"wp-image-15084 alignleft\" title=\"fatals-picards-2017-16\" src=\"http:\/\/lamagicbox.com\/magazine\/wp-content\/uploads\/2017\/05\/fatals-picards-2017-16-450x300.jpg\" alt=\"fatals-picards-2017-16\" width=\"398\" height=\"265\" srcset=\"https:\/\/lamagicbox.com\/magazine\/wp-content\/uploads\/2017\/05\/fatals-picards-2017-16-450x300.jpg 450w, https:\/\/lamagicbox.com\/magazine\/wp-content\/uploads\/2017\/05\/fatals-picards-2017-16-225x150.jpg 225w, https:\/\/lamagicbox.com\/magazine\/wp-content\/uploads\/2017\/05\/fatals-picards-2017-16.jpg 500w\" sizes=\"auto, (max-width: 398px) 100vw, 398px\" \/><\/div>\n<p style=\"text-align: justify;\">Impossible apr\u00e8s un tel d\u00e9lire de retrouver une quelconque forme de s\u00e9rieux ! Et les programmateurs du Festival ne s&rsquo;y sont pas tromp\u00e9s. Ils ont d\u00e9cid\u00e9 d&rsquo;enchainer <strong>Les Fatals Picards<\/strong> avec les <strong>Soviet Supr\u00eame<\/strong>. Belle transition avec <em>Mon p\u00e8re \u00e9tait tellement de gauche<\/em> et <i>Fils de P.<\/i> (Vladimir Poutine)&#8230; puisque le show du <a href=\"https:\/\/www.facebook.com\/sovietsupremofficiel\/\" target=\"_blank\"><strong>SOVIET SUPREM<\/strong><\/a> s&rsquo;inspire de bout en bout de l&rsquo;histoire pass\u00e9e du Bolch\u00e9visme. Sur sc\u00e8ne, pas une tchetvertis de s\u00e9rieux :\u00a0 John L\u00e9nine et Sylvester Staline nous entrainent dans leur nouvelle campagne \u00e9lectorale, baptis\u00e9e \u00ab\u00a0<strong>En Marx<\/strong>\u00ab\u00a0&#8230; et assurent le show pendant qu&rsquo;en fond de <img loading=\"lazy\" decoding=\"async\" class=\"wp-image-15087 alignright\" title=\"soviet-suprem-2017-05\" src=\"http:\/\/lamagicbox.com\/magazine\/wp-content\/uploads\/2017\/05\/soviet-suprem-2017-05-450x300.jpg\" alt=\"soviet-suprem-2017-05\" width=\"401\" height=\"267\" srcset=\"https:\/\/lamagicbox.com\/magazine\/wp-content\/uploads\/2017\/05\/soviet-suprem-2017-05-450x300.jpg 450w, https:\/\/lamagicbox.com\/magazine\/wp-content\/uploads\/2017\/05\/soviet-suprem-2017-05-225x150.jpg 225w, https:\/\/lamagicbox.com\/magazine\/wp-content\/uploads\/2017\/05\/soviet-suprem-2017-05.jpg 500w\" sizes=\"auto, (max-width: 401px) 100vw, 401px\" \/>sc\u00e8ne Dj Cro\u00fbte Chef, Emilio Stradivarius, Cyrilik Saxo et Yougo Chavez assure le son qui m\u00eale Folklore sovi\u00e9tique et Rock occidental.<\/p>\n<p style=\"text-align: justify;\">Les fans de Java auront bien s\u00fbr reconnu sous les traits de Sylvester, mister <span class=\"text_exposed_show\"><strong>R.Wan<\/strong>. Et du cot\u00e9 de John Lenine, c&rsquo;est Toma de <strong>La Caravane Passe<\/strong> qui assure le flow. Avec ces deux fous \u00ab\u00a0slamant\u00a0\u00bb, on reconstruit le mur de Berlin, le pacte de Varsovie et le Bloc de l&rsquo;Est dans la m\u00eame soir\u00e9e. <\/span><span class=\"text_exposed_show\"><img loading=\"lazy\" decoding=\"async\" class=\"size-full wp-image-15099 alignleft\" title=\"ambiance-cugen-2017-09p\" src=\"http:\/\/lamagicbox.com\/magazine\/wp-content\/uploads\/2017\/05\/ambiance-cugen-2017-09p.jpg\" alt=\"ambiance-cugen-2017-09p\" width=\"300\" height=\"200\" srcset=\"https:\/\/lamagicbox.com\/magazine\/wp-content\/uploads\/2017\/05\/ambiance-cugen-2017-09p.jpg 300w, https:\/\/lamagicbox.com\/magazine\/wp-content\/uploads\/2017\/05\/ambiance-cugen-2017-09p-225x150.jpg 225w\" sizes=\"auto, (max-width: 300px) 100vw, 300px\" \/><\/span><span class=\"text_exposed_show\">Par contre, pas question de guerre froide ce soir, il fait chaud chaud chaud au milieu d&rsquo;une foule qui fait les aller\/retour entre le stand de la \u00ab\u00a0Ba\u00efsson\u00a0\u00bb et le devant de la sc\u00e8ne alimenter la chaleur ambiante ! <\/span><\/p>\n<p style=\"text-align: justify;\"><span class=\"text_exposed_show\">Et c&rsquo;est <strong><a href=\"https:\/\/www.facebook.com\/djelisadobrasil\/\" target=\"_blank\">ELISA DO BRAZIL<\/a><\/strong>, la DJ parisienne d&rsquo;origine br\u00e9silienne qui a la charge d&rsquo;assurer la fin de soir\u00e9e, dans une ambiance Drum&rsquo;n&rsquo;Bass propice \u00e0 \u00e9vacuer les vapeurs d&rsquo;alcool accumul\u00e9es tout au long de la soir\u00e9e ! R\u00e9sultat garanti ! <\/span><\/p>\n<p style=\"text-align: justify;\"><span class=\"text_exposed_show\">Merci aux organisateurs et aux b\u00e9n\u00e9voles qui ont particip\u00e9 \u00e0 la r\u00e9ussite de cette journ\u00e9e exceptionnelle ! A l&rsquo;ann\u00e9e prochaine avec encore plein de nouvelles surprises !<br \/>\n<\/span><\/p>\n<p style=\"text-align: justify;\">\n<hr \/>\n<p style=\"text-align: justify;\"><em><strong><a href=\"https:\/\/sites.google.com\/site\/fetedelamusiquecuguen\/\" target=\"_blank\"> Site officiel<\/a> \/ <a href=\"https:\/\/www.facebook.com\/CugAnim-Les-CherttElectriks-951316244935734\/?fref=ts\" target=\"_blank\">Facebook<\/a><br \/>\n<\/strong><\/em><\/p>\n<p style=\"text-align: center;\"><em>On a eu tr\u00e8s chaud !<\/em><\/p>\n<p style=\"text-align: center;\"><img loading=\"lazy\" decoding=\"async\" class=\"alignnone size-large wp-image-15090\" title=\"ambiance-cugen-2017-05p\" src=\"http:\/\/lamagicbox.com\/magazine\/wp-content\/uploads\/2017\/05\/ambiance-cugen-2017-05p-450x300.jpg\" alt=\"ambiance-cugen-2017-05p\" width=\"450\" height=\"300\" srcset=\"https:\/\/lamagicbox.com\/magazine\/wp-content\/uploads\/2017\/05\/ambiance-cugen-2017-05p-450x300.jpg 450w, https:\/\/lamagicbox.com\/magazine\/wp-content\/uploads\/2017\/05\/ambiance-cugen-2017-05p-225x150.jpg 225w, https:\/\/lamagicbox.com\/magazine\/wp-content\/uploads\/2017\/05\/ambiance-cugen-2017-05p.jpg 500w\" sizes=\"auto, (max-width: 450px) 100vw, 450px\" \/><\/p>\n<!--themify_builder_content-->\n<div id=\"themify_builder_content-15075\" data-postid=\"15075\" class=\"themify_builder_content themify_builder_content-15075 themify_builder tf_clear\">\n    <\/div>\n<!--\/themify_builder_content-->\n","protected":false},"excerpt":{"rendered":"<p>Festival Les Chertt&rsquo;Electriks Edition 2017 Avec : La Punkaravane, Red Cardell, Les Fatals Picards, Soviet Supreme et Elisa Do Brazil 20 mai 2017 Style : Rock celte, Rock dr\u00f4le, Electro etc. Lieu\u00a0: Bretagne, Cuguen (35) Notre avis : [star rating=\u00a0\u00bb4&Prime; max=\u00a0\u00bb5&Prime;] Par Mike S. et Estelle R. Rendez-vous \u00e0 Cuguen, en Bretagne, rue du Menhir [&hellip;]<\/p>\n","protected":false},"author":1,"featured_media":15093,"comment_status":"open","ping_status":"open","sticky":false,"template":"","format":"standard","meta":{"footnotes":""},"categories":[58],"tags":[],"class_list":["post-15075","post","type-post","status-publish","format-standard","has-post-thumbnail","hentry","category-reportage-festival","has-post-title","has-post-date","has-post-category","has-post-tag","has-post-comment","has-post-author",""],"builder_content":"","_links":{"self":[{"href":"https:\/\/lamagicbox.com\/magazine\/wp-json\/wp\/v2\/posts\/15075","targetHints":{"allow":["GET"]}}],"collection":[{"href":"https:\/\/lamagicbox.com\/magazine\/wp-json\/wp\/v2\/posts"}],"about":[{"href":"https:\/\/lamagicbox.com\/magazine\/wp-json\/wp\/v2\/types\/post"}],"author":[{"embeddable":true,"href":"https:\/\/lamagicbox.com\/magazine\/wp-json\/wp\/v2\/users\/1"}],"replies":[{"embeddable":true,"href":"https:\/\/lamagicbox.com\/magazine\/wp-json\/wp\/v2\/comments?post=15075"}],"version-history":[{"count":0,"href":"https:\/\/lamagicbox.com\/magazine\/wp-json\/wp\/v2\/posts\/15075\/revisions"}],"wp:featuredmedia":[{"embeddable":true,"href":"https:\/\/lamagicbox.com\/magazine\/wp-json\/wp\/v2\/media\/15093"}],"wp:attachment":[{"href":"https:\/\/lamagicbox.com\/magazine\/wp-json\/wp\/v2\/media?parent=15075"}],"wp:term":[{"taxonomy":"category","embeddable":true,"href":"https:\/\/lamagicbox.com\/magazine\/wp-json\/wp\/v2\/categories?post=15075"},{"taxonomy":"post_tag","embeddable":true,"href":"https:\/\/lamagicbox.com\/magazine\/wp-json\/wp\/v2\/tags?post=15075"}],"curies":[{"name":"wp","href":"https:\/\/api.w.org\/{rel}","templated":true}]}}