{"id":14625,"date":"2017-04-26T23:59:40","date_gmt":"2017-04-26T22:59:40","guid":{"rendered":"http:\/\/lamagicbox.com\/magazine\/?p=14625"},"modified":"2024-02-25T11:01:58","modified_gmt":"2024-02-25T10:01:58","slug":"vianney-eugenie-a-la-rockhal-esch-sur-alzette-lux","status":"publish","type":"post","link":"https:\/\/lamagicbox.com\/magazine\/vianney-eugenie-a-la-rockhal-esch-sur-alzette-lux\/","title":{"rendered":"Vianney + Eug\u00e9nie \u00e0 La Rockhal &#8211; Esch Sur Alzette (Lux)"},"content":{"rendered":"<h2><span style=\"color: #333333;\"><img loading=\"lazy\" decoding=\"async\" class=\"size-full wp-image-10644 alignleft\" title=\"Rockhal 2\" src=\"http:\/\/lamagicbox.com\/magazine\/wp-content\/uploads\/2016\/06\/Rockhal-2.jpg\" alt=\"Rockhal 2\" width=\"150\" height=\"225\" srcset=\"https:\/\/lamagicbox.com\/magazine\/wp-content\/uploads\/2016\/06\/Rockhal-2.jpg 150w, https:\/\/lamagicbox.com\/magazine\/wp-content\/uploads\/2016\/06\/Rockhal-2-100x150.jpg 100w\" sizes=\"auto, (max-width: 150px) 100vw, 150px\" \/>La Rockhal<\/span><\/h2>\n<h2 align=\"JUSTIFY\"><span style=\"color: #800000;\">Vianney + Eug\u00e9nie<\/span><\/h2>\n<h2><span style=\"color: #333333;\">Le 26 Avril 2017 \u2013 Esch Sur Alzette (Lux)<\/span><\/h2>\n<h2 align=\"JUSTIFY\"><span style=\"color: #800000;\"><span style=\"text-decoration: underline;\">Notre avis<\/span> : [star rating=\u00a0\u00bb5&Prime; max=\u00a0\u00bb5&Prime;]<\/span><\/h2>\n<hr \/>\n<p style=\"text-align: justify;\"><em><strong><span lang=\"fr-BE\">Fort d&rsquo;un nouvel album \u00e9ponyme, <\/span>Vianney <span lang=\"en-AU\">\u00e9tait de passage <\/span>\u00e0 La Rockhal ce mercredi soir<span lang=\"en-AU\">. Seul sur sc\u00e8ne, il nous a pr\u00e9sent\u00e9 les titres extraits de ce deuxi\u00e8me opus. Le public \u00e9tait bien au rendez-vous, avec une salle comble et <\/span><span lang=\"fr-BE\">une premi\u00e8re partie assur\u00e9e par Eug\u00e9nie.<\/span><\/strong><\/em><\/p>\n<h2><span style=\"color: #800000;\">EUG\u00c9NIE<\/span><\/h2>\n<p style=\"text-align: justify;\">Eug\u00e9nie nous faisait le plaisir d&rsquo;assurer la premi\u00e8re partie de Vianney sur\u00a0cette date au Luxembourg. La jeune artiste s&rsquo;est fait conna\u00eetre gr\u00e2ce \u00e0 des vid\u00e9os de reprises diffus\u00e9es sur Facebook, passant de George Michael \u00e0 Years And Years, de Julien Dor\u00e9 \u00e0 Christine And The Queens&#8230; Honor\u00e9e par un \u00ab\u00a0like\u00a0\u00bb de Vianney, Eug\u00e9nie nous a fait part de son immense plaisir d&rsquo;\u00eatre l\u00e0 ce soir sur cette m\u00eame sc\u00e8ne. Elle nous a pr\u00e9sent\u00e9 quelques morceaux qui devraient figurer sur un premier enregistrement pr\u00e9vu dans le courant de l&rsquo;ann\u00e9e 2017 : \u00ab\u00a0Au Jour On Se Tait\u00a0\u00bb, \u00ab\u00a0Sur La Mer\u00a0\u00bb, \u00ab\u00a0Reborn\u00a0\u00bb, \u00ab\u00a0Lune Et L&rsquo;Autre\u00a0\u00bb. Nous avons pu appr\u00e9cier \u00e9galement ne reprise de Dusty Springfield avec \u00ab\u00a0Son Of A Preacher Man\u00a0\u00bb et \u00ab\u00a0Puis Danse\u00a0\u00bb, le premier extrait de l&rsquo;album \u00e0 venir visible sur la toile !<\/p>\n<p style=\"text-align: center;\"><iframe loading=\"lazy\" src=\"https:\/\/www.youtube.com\/embed\/rGlXOWJEOBU\" width=\"560\" height=\"315\" frameborder=\"0\" allowfullscreen=\"allowfullscreen\"><\/iframe><\/p>\n<p style=\"text-align: justify;\"><strong><span style=\"text-decoration: underline;\">Eug\u00e9nie<\/span>\u00a0: <a href=\"https:\/\/www.facebook.com\/eugenieofficiel\/\" target=\"_blank\" rel=\"noopener\">Facebook<\/a>\u00a0\/ <a href=\"https:\/\/twitter.com\/eugeniemusic?lang=fr\" target=\"_blank\" rel=\"noopener\">Twitter<\/a><\/strong><\/p>\n<h2><span lang=\"fr-BE\" style=\"color: #800000;\">VIANNEY<\/span><\/h2>\n<p style=\"text-align: justify;\">Aux alentours de 21h15, Vianney d\u00e9barque sur sc\u00e8ne et lance son tour de chant avec \u00ab\u00a0Sans Le Dire\u00a0\u00bb. Ce premier morceau nous offre d\u00e9j\u00e0 un joli solo de guitare. Le public crie et frappe dans les mains. L&rsquo;artiste communique r\u00e9guli\u00e8rement avec la salle et indique \u00eatre d\u00e9j\u00e0 venu \u00e0 La Rockhal il y a quelques ann\u00e9es. Il questionne le public pour savoir s&rsquo;il \u00e9tait pr\u00e9sent\u00a0la premi\u00e8re fois. <em>On \u00e9tait une quinzaine, les m\u00eames que ceux qui sont l\u00e0&#8230;<\/em>\u00a0Le show se poursuit alors avec \u00ab\u00a0Veronica\u00a0\u00bb, l&rsquo;occasion de revenir au premier album intitul\u00e9 \u00ab\u00a0Id\u00e9es Blanches\u00a0\u00bb. Vianney s&rsquo;amuse \u00e0 sonder la salle pour savoir s&rsquo;il y a des belges dans l&rsquo;assistance. Un <em>ouiiiii<\/em> retentit, et Vianney plaisante : <em>qu\u2019est ce que vous faites l\u00e0 ? C&rsquo;est demain ma date en Belgique !!!<\/em>\u00a0Il interroge \u00e9galement\u00a0les luxembourgeois et r\u00e9torque : <em>je suis quand m\u00eame venu pour vous !!!<\/em>\u00a0Une chose est s\u00fbre, il y avait aussi beaucoup de fran\u00e7ais ! Le show continue avec \u00ab\u00a0J\u2019M\u2019En Fous\u00a0\u00bb, et Vianney nous pr\u00e9sente Pauline, sa guitare, laissant imaginer un visage de femme. <em>Elle \u00e9tait d\u00e9j\u00e0 l\u00e0 quand je suis\u00a0venu la derni\u00e8re fois !<\/em><\/p>\n<p><img loading=\"lazy\" decoding=\"async\" class=\"alignnone size-full wp-image-14632 aligncenter\" title=\"Vianney 1 2017\" src=\"http:\/\/lamagicbox.com\/magazine\/wp-content\/uploads\/2017\/04\/Vianney-1-2017.jpg\" alt=\"Vianney 1 2017\" width=\"500\" height=\"375\" srcset=\"https:\/\/lamagicbox.com\/magazine\/wp-content\/uploads\/2017\/04\/Vianney-1-2017.jpg 500w, https:\/\/lamagicbox.com\/magazine\/wp-content\/uploads\/2017\/04\/Vianney-1-2017-200x150.jpg 200w, https:\/\/lamagicbox.com\/magazine\/wp-content\/uploads\/2017\/04\/Vianney-1-2017-400x300.jpg 400w\" sizes=\"auto, (max-width: 500px) 100vw, 500px\" \/><\/p>\n<p style=\"text-align: justify;\">Nous poursuivons avec \u00ab\u00a0Les Gens Sont M\u00e9chants\u00a0\u00bb, et Vianney demande \u00e0 la salle de lever les mains et faire des <em>oh oh<\/em>. \u00ab\u00a0Dumbo\u00a0\u00bb est alors encha\u00een\u00e9, et nous allons avoir une reprise de MC Solaar avec \u00ab\u00a0Caroline\u00a0\u00bb. Le public l&rsquo;accompagne au chant et lui fait une ovation. \u00ab\u00a0Je Te D\u00e9teste\u00a0\u00bb est encha\u00een\u00e9, suivi de \u00ab\u00a0Fils A Papa\u00a0\u00bb qui termine par un long solo de guitare. \u00ab\u00a0Pas L\u00e0\u00a0\u00bb, le tube qui l&rsquo;a r\u00e9v\u00e9l\u00e9, est alors envoy\u00e9 et am\u00e8ne une nouvelle salve d&rsquo;applaudissements. Vianney lance \u00ab\u00a0On Est Bien Comme \u00c7a\u00a0\u00bb, pr\u00e9sente les 14 techniciens qui l&rsquo;accompagnent et demande au public de chanter <em>whohohoho<\/em>\u00a0sur la fin de la chanson. Il quitte soudainement la sc\u00e8ne et revient avec \u00ab\u00a0L&rsquo;Homme Et L&rsquo;\u00c2me\u00a0\u00bb. Une petite parenth\u00e8se est faite pour rendre hommage aux victimes des attentats, expliquant avoir fait un concert il n&rsquo;y a pas tr\u00e8s longtemps au Bataclan. Un moment fort pour lui ! \u00ab\u00a0Je M\u2019En Vais\u00a0\u00bb est alors envoy\u00e9, et le public reprend en choeur. \u00ab\u00a0Tombe La Neige\u00a0\u00bb et \u00ab\u00a0Moi Aimer Toi\u00a0\u00bb nous am\u00e8nent petit \u00e0 petit \u00e0 la fin du show. Il y a un second rappel, et Vianney revient pour cl\u00f4turer avec \u00ab\u00a0Galopin\u00a0\u00bb. Il salue la salle une derni\u00e8re fois et quitte d\u00e9finitivement la sc\u00e8ne. Un\u00a0show \u00e9nergique et passionn\u00e9, avec\u00a0les fans qui ont donn\u00e9 de la voix !<\/p>\n<p><img loading=\"lazy\" decoding=\"async\" class=\"alignnone size-full wp-image-14639 aligncenter\" title=\"Vianney 8 2017\" src=\"http:\/\/lamagicbox.com\/magazine\/wp-content\/uploads\/2017\/04\/Vianney-8-2017.jpg\" alt=\"Vianney 8 2017\" width=\"375\" height=\"500\" srcset=\"https:\/\/lamagicbox.com\/magazine\/wp-content\/uploads\/2017\/04\/Vianney-8-2017.jpg 375w, https:\/\/lamagicbox.com\/magazine\/wp-content\/uploads\/2017\/04\/Vianney-8-2017-113x150.jpg 113w, https:\/\/lamagicbox.com\/magazine\/wp-content\/uploads\/2017\/04\/Vianney-8-2017-225x300.jpg 225w\" sizes=\"auto, (max-width: 375px) 100vw, 375px\" \/><\/p>\n<p style=\"text-align: justify;\"><strong><span style=\"text-decoration: underline;\">Vianney<\/span>\u00a0: <a href=\"https:\/\/www.facebook.com\/vianneymusique\/?fref=ts\" target=\"_blank\" rel=\"noopener\">Facebook<\/a>\u00a0\/ <a href=\"https:\/\/twitter.com\/VianneyMusique?lang=fr\" target=\"_blank\" rel=\"noopener\">Twitter<\/a> \/\u00a0<a href=\"http:\/\/vianney-musique.com\/\" target=\"_blank\" rel=\"noopener\">Site Officiel<\/a><\/strong><\/p>\n<p><strong><span style=\"text-decoration: underline;\">Les photos de la soir\u00e9e<\/span> : <a href=\"https:\/\/www.facebook.com\/pg\/LaMagicBoxWebzine\/photos\/?tab=album&amp;album_id=1788700671352438\" target=\"_blank\" rel=\"noopener\">ici<\/a>.<\/strong><\/p>\n<p class=\"western\" style=\"text-align: justify;\"><span style=\"text-decoration: underline;\">Report<\/span> : Pascale A.<\/p>\n<p class=\"western\" style=\"text-align: justify;\"><span style=\"text-decoration: underline;\">Photos<\/span> : Camille A.<\/p>\n<hr \/>\n<p><\/p>\n<!--themify_builder_content-->\n<div id=\"themify_builder_content-14625\" data-postid=\"14625\" class=\"themify_builder_content themify_builder_content-14625 themify_builder tf_clear\">\n    <\/div>\n<!--\/themify_builder_content-->","protected":false},"excerpt":{"rendered":"<p>La Rockhal Vianney + Eug\u00e9nie Le 26 Avril 2017 \u2013 Esch Sur Alzette (Lux) Notre avis : [star rating=\u00a0\u00bb5&Prime; max=\u00a0\u00bb5&Prime;] Fort d&rsquo;un nouvel album \u00e9ponyme, Vianney \u00e9tait de passage \u00e0 La Rockhal ce mercredi soir. Seul sur sc\u00e8ne, il nous a pr\u00e9sent\u00e9 les titres extraits de ce deuxi\u00e8me opus. Le public \u00e9tait bien au rendez-vous, [&hellip;]<\/p>\n","protected":false},"author":4,"featured_media":14631,"comment_status":"open","ping_status":"open","sticky":false,"template":"","format":"standard","meta":{"footnotes":""},"categories":[57,53],"tags":[301,1332,269,1090],"class_list":["post-14625","post","type-post","status-publish","format-standard","has-post-thumbnail","hentry","category-reportage-concert","category-reportages","tag-esch-sur-alzette","tag-eugenie","tag-la-rockhal","tag-vianney","has-post-title","has-post-date","has-post-category","has-post-tag","has-post-comment","has-post-author",""],"builder_content":"","_links":{"self":[{"href":"https:\/\/lamagicbox.com\/magazine\/wp-json\/wp\/v2\/posts\/14625","targetHints":{"allow":["GET"]}}],"collection":[{"href":"https:\/\/lamagicbox.com\/magazine\/wp-json\/wp\/v2\/posts"}],"about":[{"href":"https:\/\/lamagicbox.com\/magazine\/wp-json\/wp\/v2\/types\/post"}],"author":[{"embeddable":true,"href":"https:\/\/lamagicbox.com\/magazine\/wp-json\/wp\/v2\/users\/4"}],"replies":[{"embeddable":true,"href":"https:\/\/lamagicbox.com\/magazine\/wp-json\/wp\/v2\/comments?post=14625"}],"version-history":[{"count":2,"href":"https:\/\/lamagicbox.com\/magazine\/wp-json\/wp\/v2\/posts\/14625\/revisions"}],"predecessor-version":[{"id":39168,"href":"https:\/\/lamagicbox.com\/magazine\/wp-json\/wp\/v2\/posts\/14625\/revisions\/39168"}],"wp:featuredmedia":[{"embeddable":true,"href":"https:\/\/lamagicbox.com\/magazine\/wp-json\/wp\/v2\/media\/14631"}],"wp:attachment":[{"href":"https:\/\/lamagicbox.com\/magazine\/wp-json\/wp\/v2\/media?parent=14625"}],"wp:term":[{"taxonomy":"category","embeddable":true,"href":"https:\/\/lamagicbox.com\/magazine\/wp-json\/wp\/v2\/categories?post=14625"},{"taxonomy":"post_tag","embeddable":true,"href":"https:\/\/lamagicbox.com\/magazine\/wp-json\/wp\/v2\/tags?post=14625"}],"curies":[{"name":"wp","href":"https:\/\/api.w.org\/{rel}","templated":true}]}}