{"id":13696,"date":"2017-03-15T14:28:18","date_gmt":"2017-03-15T13:28:18","guid":{"rendered":"http:\/\/lamagicbox.com\/magazine\/?p=13696"},"modified":"2017-03-15T14:28:18","modified_gmt":"2017-03-15T13:28:18","slug":"mendelson-sciences-politiques","status":"publish","type":"post","link":"https:\/\/lamagicbox.com\/magazine\/mendelson-sciences-politiques\/","title":{"rendered":"Mendelson &#8211; Sciences Politiques"},"content":{"rendered":"<p><span style=\"color: #800000;\"><strong>2017 \u2013 12 titres &#8211; 47&rsquo;00<br \/>\n<\/strong><\/span><em><strong>Label : <\/strong><\/em><i>Ici d\u2019Ailleurs \/ L\u2019Autre Distribution<\/i><br \/>\n<strong><em>Style\u00a0: <\/em><\/strong><em>Chanson \/ Rock \/ Free Jazz<\/em><br \/>\n<strong><em>Origine\u00a0:<\/em><\/strong> France, IDF, Paris<br \/>\n<em><strong>Date de sortie de l&rsquo;album :<\/strong><\/em> 31 mars 2017<\/p>\n<p style=\"text-align: right;\"><strong>Notre avis : [star rating=\u00a0\u00bb5&Prime; max=\u00a0\u00bb5&Prime;]<\/strong><\/p>\n<p style=\"text-align: right;\">\n<hr \/>\n<p style=\"text-align: right;\"><strong>Par Mike S.<\/strong><\/p>\n<p style=\"text-align: justify;\"><em><strong>C&rsquo;est un bouleversement, sinon une r\u00e9volution. Mendelson nous prend \u00e0 contrepied avec ce nouvel album,\u00a0baptis\u00e9\u00a0Sciences Politiques. Habitu\u00e9 \u00e0 nous emp\u00eacher de tourner en rond, que ce soit avec son groupe, avec son projet Bruit noir, ou m\u00eame en solo, Pascal Bouaziz n&rsquo;en finit pas de nous surprendre. Mais de l\u00e0 \u00e0 se mettre \u00e0 chanter et \u00e0 sortir de son registre musical \u00ab\u00a0habituel\u00a0\u00bb&#8230;<br \/>\n<\/strong><\/em><\/p>\n<p style=\"text-align: justify;\">Car il est \u00e9vident que ce nouvel album de Mendelson n&rsquo;a rien \u00e0 voir avec la myriade de disques sortis pr\u00e9c\u00e9demment, et dans lesquels le Free Jazz avait rendez vous avec la r\u00e9flexion, le Rock avec la d\u00e9pression et la po\u00e9sie avec le Spleen. Dans la forme tout du moins&#8230; Car\u00a0<em><strong>Sciences Politiques\u00a0<\/strong><\/em>nous fait d\u00e9couvrir un Pascal Bouaziz chantant. Pourquoi ? Comment ?<\/p>\n<p style=\"text-align: center;\"><em>\u00ab\u00a0A distinguer totalement de la chanson engag\u00e9e, la chanson politique ne promet rien, la chanson politique ne ment pas\u00a0\u00bb <strong>Pascal Bouaziz. <\/strong><\/em><\/p>\n<p style=\"text-align: justify;\">En fait, le titre\u00a0<strong><em>Sciences Politiques<\/em><\/strong>, fait r\u00e9f\u00e9rence \u00e0 la chanson, en anglais, \u00ab\u00a0<em>Political Science<\/em>\u00a0\u00bb de <strong>Randy Newman<\/strong>. Un indice important, puisque l&rsquo;album se compose tout d&rsquo;abord de 12 reprises &#8211; adaptations &#8211; des r\u00e9pertoires d&rsquo;artistes qui ont \u00ab\u00a0construit\u00a0\u00bb <strong>Pascal Bouaziz<\/strong>, son chanteur et t\u00eate pensante de Mendelson : Leonard Cohen (<em>Les Peuples)<\/em>, Bruce Springsteen (<em>Le soul\u00e8vement<\/em>),\u00a0 Sonic Youth, Lou Reed, The Stooges, Alan Vega&#8230; Ensuite, les chansons ont \u00e9t\u00e9 s\u00e9lectionn\u00e9es pour leur sens critique et leur esprit politique. De quoi apporter de la coh\u00e9rence \u00e0 son travail et un lien avec ce m\u00eame sens et ce m\u00eame esprit communs aux travaux de Mendelson depuis 20 ans maintenant.<\/p>\n<p style=\"text-align: center;\"><iframe loading=\"lazy\" src=\"https:\/\/www.youtube.com\/embed\/ryP3OBY6Z4g\" width=\"450\" height=\"250\" frameborder=\"0\" allowfullscreen=\"allowfullscreen\"><\/iframe><\/p>\n<p style=\"text-align: justify;\">Une obligation dans cet exercice : sortir de sa zone de confort et aborder des chansons avec des refrains et des couplets, des chansons dans des registres diff\u00e9rents, r\u00e9v\u00e9lant\u00a0la voix de Pascal, sous un nouveau jour. On pense parfois \u00e0 Miossec, vous imaginez l&rsquo;exp\u00e9rience ?<\/p>\n<p style=\"text-align: justify;\">On y d\u00e9couvre aussi\u00a0un son tr\u00e8s Rock, bien plus qu&rsquo;\u00e0 l&rsquo;habitude, avec de vrais titres \u00e9lectriques (La Naus\u00e9e, La Carri\u00e8re&#8230;). Il y a aussi de duret\u00e9 dans le propos. Pas de censure autour de ce portrait effrayant de notre monde actuel. C&rsquo;est cru et direct ! \u00a0On y d\u00e9couvre une Conscience politique, avec ces mots en fran\u00e7ais sur des chansons des autres, qu&rsquo;on imaginait, mais qu&rsquo;on ne comprenait pas toujours tout \u00e0 fait&#8230;<\/p>\n<p style=\"text-align: justify;\">De la barri\u00e8re de la langue \u00e0 la langue de bois, il n&rsquo;y a qu&rsquo;un pas, que <strong>Mendelson<\/strong> pourra franchir en mots et en musique tout au long des \u00e9lections pr\u00e9sidentielles qui \u00ab\u00a0partageront\u00a0\u00bb l&rsquo;actualit\u00e9 avec la sortie de l&rsquo;album !<\/p>\n<p style=\"text-align: justify;\">Plus qu&rsquo;un exercice de style, une prouesse artistique et un engagement politique authentique ! \u00a0Un album ambitieux et un r\u00e9v\u00e9lateur de conscience !<\/p>\n<p style=\"text-align: justify;\">\n<hr \/>\n<p style=\"text-align: justify;\"><em>\u00ab\u00a0Afin d&rsquo;expliquer ses choix, inspirations intellectuelles et difficult\u00e9s de traduction, Pascal a enregistr\u00e9 une douzaine de vid\u00e9os intitul\u00e9es \u00ab\u00a0Extension(s) Politique(s)\u00a0\u00bb, lesquelles seront publi\u00e9es dans l&rsquo;ordre de l&rsquo;album. On commence avec \u00ab\u00a0Les Peuples\u00a0\u00bb (reprise de L\u00e9onard Cohen) et Vendredi ce sera \u00ab\u00a0Le Soul\u00e8vement\u00a0\u00bb (reprise de Bruce Springsteen), titre d\u00e9j\u00e0 disponible en \u00e9coute sur <a href=\"http:\/\/martingale-music.us15.list-manage1.com\/track\/click?u=abc5aa6cab329b5beb68bfbcc&amp;id=836802666c&amp;e=0d1cb73645\" target=\"_blank\">soundcloud<\/a>.\u00a0\u00bb<\/em><\/p>\n<p><a href=\"http:\/\/mendelson.free.fr\/\" target=\"_blank\">Site officiel<\/a> \/ <a href=\"https:\/\/www.facebook.com\/laforcequotidiennedumal\/?fref=ts\" target=\"_blank\">Facebook<\/a><\/p>\n<hr \/>\n<p><em><strong>Tracklist :<br \/>\n<\/strong><\/em>01- Les Peuples<br \/>\n02- Le Soul\u00e8vement<br \/>\n03- La Naus\u00e9e<br \/>\n04- La Guerre<br \/>\n05- La Panique<br \/>\n06- La Carri\u00e8re<br \/>\n07- Les H\u00e9ritiers<br \/>\n08- Le Capitalisme<br \/>\n09- Les Loisirs<br \/>\n10- La Libert\u00e9<br \/>\n11- La D\u00e9cence<br \/>\n12- La Dette<em><strong><br \/>\n<\/strong> <\/em><\/p>\n<div class=\"NavContent\">\n<p><em><strong>Concerts :<br \/>\n<\/strong><\/em>29 Avril &#8211; Le Havre @ Th\u00e9\u00e2tre des Bains Douches (Festival Uptown)<br \/>\n2 mai &#8211; Paris @ Petit Bain (Release Party)<br \/>\n20 mai &#8211; Bruxelles (BE) @ Orangerie (Nuits du Botanique \/ soir\u00e9e 20 ans Ici, d&rsquo;ailleurs&#8230;)<br \/>\n7 juillet &#8211; Lausanne (CH) @ Festival de la Cit\u00e9.<\/p>\n<p>&nbsp;<\/p>\n<p><b><span style=\"font-family: Geneva,Arial,Helvetica,san-serif; font-size: xx-small;\">\u00a0<\/span><\/b><\/p>\n<\/div>\n<!--themify_builder_content-->\n<div id=\"themify_builder_content-13696\" data-postid=\"13696\" class=\"themify_builder_content themify_builder_content-13696 themify_builder tf_clear\">\n    <\/div>\n<!--\/themify_builder_content-->\n","protected":false},"excerpt":{"rendered":"<p>2017 \u2013 12 titres &#8211; 47&rsquo;00 Label : Ici d\u2019Ailleurs \/ L\u2019Autre Distribution Style\u00a0: Chanson \/ Rock \/ Free Jazz Origine\u00a0: France, IDF, Paris Date de sortie de l&rsquo;album : 31 mars 2017 Notre avis : [star rating=\u00a0\u00bb5&Prime; max=\u00a0\u00bb5&Prime;] Par Mike S. C&rsquo;est un bouleversement, sinon une r\u00e9volution. Mendelson nous prend \u00e0 contrepied avec ce [&hellip;]<\/p>\n","protected":false},"author":1,"featured_media":13881,"comment_status":"open","ping_status":"open","sticky":false,"template":"","format":"standard","meta":{"footnotes":""},"categories":[39],"tags":[593,760,594,595],"class_list":["post-13696","post","type-post","status-publish","format-standard","has-post-thumbnail","hentry","category-albums-francais","tag-bruit-noir","tag-ici-dailleurs","tag-mendelson","tag-pascal-bouaziz","has-post-title","has-post-date","has-post-category","has-post-tag","has-post-comment","has-post-author",""],"builder_content":"","_links":{"self":[{"href":"https:\/\/lamagicbox.com\/magazine\/wp-json\/wp\/v2\/posts\/13696","targetHints":{"allow":["GET"]}}],"collection":[{"href":"https:\/\/lamagicbox.com\/magazine\/wp-json\/wp\/v2\/posts"}],"about":[{"href":"https:\/\/lamagicbox.com\/magazine\/wp-json\/wp\/v2\/types\/post"}],"author":[{"embeddable":true,"href":"https:\/\/lamagicbox.com\/magazine\/wp-json\/wp\/v2\/users\/1"}],"replies":[{"embeddable":true,"href":"https:\/\/lamagicbox.com\/magazine\/wp-json\/wp\/v2\/comments?post=13696"}],"version-history":[{"count":0,"href":"https:\/\/lamagicbox.com\/magazine\/wp-json\/wp\/v2\/posts\/13696\/revisions"}],"wp:featuredmedia":[{"embeddable":true,"href":"https:\/\/lamagicbox.com\/magazine\/wp-json\/wp\/v2\/media\/13881"}],"wp:attachment":[{"href":"https:\/\/lamagicbox.com\/magazine\/wp-json\/wp\/v2\/media?parent=13696"}],"wp:term":[{"taxonomy":"category","embeddable":true,"href":"https:\/\/lamagicbox.com\/magazine\/wp-json\/wp\/v2\/categories?post=13696"},{"taxonomy":"post_tag","embeddable":true,"href":"https:\/\/lamagicbox.com\/magazine\/wp-json\/wp\/v2\/tags?post=13696"}],"curies":[{"name":"wp","href":"https:\/\/api.w.org\/{rel}","templated":true}]}}